{"id":37735,"date":"2016-06-21T14:57:37","date_gmt":"2016-06-21T19:57:37","guid":{"rendered":"http:\/\/www.biblia.work\/sermones\/importancia-del-sinodo-de-los-obispos\/"},"modified":"2016-06-21T14:57:37","modified_gmt":"2016-06-21T19:57:37","slug":"importancia-del-sinodo-de-los-obispos","status":"publish","type":"post","link":"https:\/\/www.biblia.work\/sermones\/importancia-del-sinodo-de-los-obispos\/","title":{"rendered":"Importancia del S\u00ednodo de los Obispos"},"content":{"rendered":"<p align=\"justify\">Importancia del S\u00ednodo de los Obispos<br \/>\nEl Papa subraya la comuni\u00f3n afectiva y efectiva del S\u00ednodo de los Obispos<\/p>\n<p align=\"justify\">El Santo Padre ha escrito un mensaje al cardenal <b>Lorenzo Baldisseri<\/b>, Secretario General del S\u00ednodo de los Obispos, con motivo de la elevaci\u00f3n al orden episcopal de monse\u00f1or <b>Fabio Fabene<\/b>, Subsecretario de ese organismo. <\/p>\n<p align=\"justify\">Transcurridos casi cincuenta a\u00f1os de la instituci\u00f3n del S\u00ednodo de los Obispos -escribe el Papa-&#8230;y consciente de que para el ejercicio del ministerio petrino es necesario, absolutamente, reavivar todav\u00eda mas el estrecho lazo con todos los pastores de la Iglesia, quiero valorizar esta preciosa herencia conciliar. A ese prop\u00f3sito, es indudable que el Obispo de Roma necesite la presencia de sus hermanos obispos, su consejo, su prudencia y su experiencia&#8230; Por eso doy las gracias a todos los que con un trabajo generoso, asiduo y competente han garantizado, en todos estos a\u00f1os, que la instituci\u00f3n sinodal contribuyera al di\u00e1logo imprescindible entre Pedro y sus hermanos&#8230; Y ahora para poner m\u00e1s de manifiesto el apreciado servicio que este organismo desempe\u00f1a en favor de la colegialidad episcopal con el Obispo de Roma, he decidido conferir al Subsecretario el car\u00e1cter episcopal.<\/p>\n<p align=\"justify\">De ese modo -concluye- el Subsecretario, que ya colabora con Su Eminencia por cuanto respecta al desarrollo de la actividad sinodal, en virtud del Orden episcopal reflejar\u00e1 esa comuni\u00f3n afectiva y efectiva que constituye el objetivo principal del S\u00ednodo de los Obispos. Tambi\u00e9n a la hora de coordinar el trabajo interno de la Secretar\u00eda General, el Subsecretario estar\u00e1 llamado a expresar la realidad fecunda y fructuosa que brota de la participaci\u00f3n en el &#8216;munus&#8217; episcopal, fuente de santificaci\u00f3n para los que lo rodean y fundamento de la comuni\u00f3n jer\u00e1rquica con el Obispo de Roma, cabeza del Colegio episcopal y con los miembros del mismo Colegio.<\/p>\n<p align=\"justify\">Ciudad del Vaticano, 8 de abril 2014 (VIS).-<\/p>\n","protected":false},"excerpt":{"rendered":"<p>Importancia del S\u00ednodo de los Obispos El Papa subraya la comuni\u00f3n afectiva y efectiva del S\u00ednodo de los Obispos El Santo Padre ha escrito un mensaje al cardenal Lorenzo Baldisseri, Secretario General del S\u00ednodo de los Obispos, con motivo de la elevaci\u00f3n al orden episcopal de monse\u00f1or Fabio Fabene, Subsecretario de ese organismo. Transcurridos casi &hellip; <a href=\"https:\/\/www.biblia.work\/sermones\/importancia-del-sinodo-de-los-obispos\/\" class=\"more-link\">Continuar leyendo<span class=\"screen-reader-text\"> \u00abImportancia del S\u00ednodo de los Obispos\u00bb<\/span><\/a><\/p>\n","protected":false},"author":1,"featured_media":0,"comment_status":"open","ping_status":"closed","sticky":false,"template":"","format":"standard","meta":{"footnotes":""},"categories":[1],"tags":[],"class_list":["post-37735","post","type-post","status-publish","format-standard","hentry","category-general"],"_links":{"self":[{"href":"https:\/\/www.biblia.work\/sermones\/wp-json\/wp\/v2\/posts\/37735","targetHints":{"allow":["GET"]}}],"collection":[{"href":"https:\/\/www.biblia.work\/sermones\/wp-json\/wp\/v2\/posts"}],"about":[{"href":"https:\/\/www.biblia.work\/sermones\/wp-json\/wp\/v2\/types\/post"}],"author":[{"embeddable":true,"href":"https:\/\/www.biblia.work\/sermones\/wp-json\/wp\/v2\/users\/1"}],"replies":[{"embeddable":true,"href":"https:\/\/www.biblia.work\/sermones\/wp-json\/wp\/v2\/comments?post=37735"}],"version-history":[{"count":0,"href":"https:\/\/www.biblia.work\/sermones\/wp-json\/wp\/v2\/posts\/37735\/revisions"}],"wp:attachment":[{"href":"https:\/\/www.biblia.work\/sermones\/wp-json\/wp\/v2\/media?parent=37735"}],"wp:term":[{"taxonomy":"category","embeddable":true,"href":"https:\/\/www.biblia.work\/sermones\/wp-json\/wp\/v2\/categories?post=37735"},{"taxonomy":"post_tag","embeddable":true,"href":"https:\/\/www.biblia.work\/sermones\/wp-json\/wp\/v2\/tags?post=37735"}],"curies":[{"name":"wp","href":"https:\/\/api.w.org\/{rel}","templated":true}]}}