{"id":37736,"date":"2016-06-21T14:57:41","date_gmt":"2016-06-21T19:57:41","guid":{"rendered":"http:\/\/www.biblia.work\/sermones\/el-rey-abdala-ii-bin-hussein-de-jordania-visita-al-papa-francisco\/"},"modified":"2016-06-21T14:57:41","modified_gmt":"2016-06-21T19:57:41","slug":"el-rey-abdala-ii-bin-hussein-de-jordania-visita-al-papa-francisco","status":"publish","type":"post","link":"https:\/\/www.biblia.work\/sermones\/el-rey-abdala-ii-bin-hussein-de-jordania-visita-al-papa-francisco\/","title":{"rendered":"El Rey Abdal\u00e1 II bin Hussein de Jordania visita al Papa Francisco"},"content":{"rendered":"<p align=\"justify\"><b>El Rey Abdal\u00e1 II bin Hussein<\/b> <b>de Jordania visita al Papa<\/b> Francisco<\/p>\n<p align=\"justify\">Su Majestad el Rey Abdal\u00e1 II bin Hussein de Jordania lleg\u00f3 al Vaticano ayer, 7 de abril, poco antes de las 16.00. Lo esperaban fuera de la Casa de Santa Marta el arzobispo Georg Ganswein, Prefecto de la Casa Pontificia y monse\u00f1or Jos\u00e9 Avelino Bettencourt, Jefe de Protocolo. A la entrada recibi\u00f3 el saludo del cardenal Pietro Parolin, Secretario de Estado, a quien acompa\u00f1aba el arzobispo Dominique Mamberti, Secretario para las Relaciones con los Estados.<\/p>\n<p align=\"justify\">El Santo Padre recibi\u00f3 a Su Majestad el Rey a la entrada del sal\u00f3n del primer piso donde se desarroll\u00f3 el encuentro en el que particip\u00f3 tambi\u00e9n S.A.R, el Pr\u00edncipe Ghazi bin Muhammed, Consejero de Asuntos Religiosos. La conversaci\u00f3n, que ha proseguido mientras los ilustres hu\u00e9spedes tomaban el t\u00e9, dur\u00f3 alrededor de cuarenta minutos y transcurri\u00f3 en un clima cordial y no formal.<\/p>\n<p align=\"justify\">Naturalmente, la audiencia se encuadra en el contexto del esperado viaje del Papa Francisco a Tierra Santa, donde visitar\u00e1 en primer lugar Jordania. Su Majestad ha reafirmado los sentimientos con que el pueblo jordano se prepara para acoger al Papa y la abierta disponibilidad a la colaboraci\u00f3n y al compromiso por la paz y el di\u00e1logo interreligioso.<\/p>\n<p align=\"justify\">Al final, el Santo Padre salud\u00f3 a los otros miembros del s\u00e9quito. Los ilustres hu\u00e9spedes dejaron el Vaticano alrededor de las 16.45.<\/p>\n<p align=\"justify\">Ciudad del Vaticano, 8 abril 2014 (VIS).-<\/p>\n","protected":false},"excerpt":{"rendered":"<p>El Rey Abdal\u00e1 II bin Hussein de Jordania visita al Papa Francisco Su Majestad el Rey Abdal\u00e1 II bin Hussein de Jordania lleg\u00f3 al Vaticano ayer, 7 de abril, poco antes de las 16.00. Lo esperaban fuera de la Casa de Santa Marta el arzobispo Georg Ganswein, Prefecto de la Casa Pontificia y monse\u00f1or Jos\u00e9 &hellip; <a href=\"https:\/\/www.biblia.work\/sermones\/el-rey-abdala-ii-bin-hussein-de-jordania-visita-al-papa-francisco\/\" class=\"more-link\">Continuar leyendo<span class=\"screen-reader-text\"> \u00abEl Rey Abdal\u00e1 II bin Hussein de Jordania visita al Papa Francisco\u00bb<\/span><\/a><\/p>\n","protected":false},"author":1,"featured_media":0,"comment_status":"open","ping_status":"closed","sticky":false,"template":"","format":"standard","meta":{"footnotes":""},"categories":[1],"tags":[],"class_list":["post-37736","post","type-post","status-publish","format-standard","hentry","category-general"],"_links":{"self":[{"href":"https:\/\/www.biblia.work\/sermones\/wp-json\/wp\/v2\/posts\/37736","targetHints":{"allow":["GET"]}}],"collection":[{"href":"https:\/\/www.biblia.work\/sermones\/wp-json\/wp\/v2\/posts"}],"about":[{"href":"https:\/\/www.biblia.work\/sermones\/wp-json\/wp\/v2\/types\/post"}],"author":[{"embeddable":true,"href":"https:\/\/www.biblia.work\/sermones\/wp-json\/wp\/v2\/users\/1"}],"replies":[{"embeddable":true,"href":"https:\/\/www.biblia.work\/sermones\/wp-json\/wp\/v2\/comments?post=37736"}],"version-history":[{"count":0,"href":"https:\/\/www.biblia.work\/sermones\/wp-json\/wp\/v2\/posts\/37736\/revisions"}],"wp:attachment":[{"href":"https:\/\/www.biblia.work\/sermones\/wp-json\/wp\/v2\/media?parent=37736"}],"wp:term":[{"taxonomy":"category","embeddable":true,"href":"https:\/\/www.biblia.work\/sermones\/wp-json\/wp\/v2\/categories?post=37736"},{"taxonomy":"post_tag","embeddable":true,"href":"https:\/\/www.biblia.work\/sermones\/wp-json\/wp\/v2\/tags?post=37736"}],"curies":[{"name":"wp","href":"https:\/\/api.w.org\/{rel}","templated":true}]}}