{"id":37737,"date":"2016-06-21T14:57:45","date_gmt":"2016-06-21T19:57:45","guid":{"rendered":"http:\/\/www.biblia.work\/sermones\/audiencia-del-papa-francisco-con-la-presidente-de-liberia-ellen-johnson-sirleaf\/"},"modified":"2016-06-21T14:57:45","modified_gmt":"2016-06-21T19:57:45","slug":"audiencia-del-papa-francisco-con-la-presidente-de-liberia-ellen-johnson-sirleaf","status":"publish","type":"post","link":"https:\/\/www.biblia.work\/sermones\/audiencia-del-papa-francisco-con-la-presidente-de-liberia-ellen-johnson-sirleaf\/","title":{"rendered":"Audiencia del Papa Francisco con la presidente de Liberia, Ellen Johnson-Sirleaf"},"content":{"rendered":"<p align=\"justify\"><strong>Audiencia a la presidente de Liberia: aprecio por el compromiso de la iglesia en favor de la paz<\/strong><\/p>\n<p align=\"justify\">La Presidente de la Rep\u00fablica de Liberia, <strong>Ellen Johnson-Sirleaf<\/strong>, fue recibida en la ma\u00f1ana del 5 de abril en el Palacio Apost\u00f3lico Vaticano y, sucesivamente, se encontr\u00f3 con el cardenal <strong>Pietro Parolin<\/strong>, Secretario de Estado a quien acompa\u00f1aba el arzobispo <strong>Dominique Mamberti<\/strong>, Secretario para las Relaciones con los Estados.<\/p>\n<p align=\"justify\">Durante las conversaciones, que se han desarrollado en un clima de cordialidad, se ha tratado de las buenas relaciones existentes entre la Santa Sede y Liberia y se ha manifestado satisfacci\u00f3n por el positivo camino que ha desembocado en el refuerzo de las estructuras democr\u00e1ticas del pa\u00eds. En particular, se ha apreciado el compromiso de la Iglesia en favor de la paz y la reconciliaci\u00f3n nacional, as\u00ed como su importante contribuci\u00f3n en el \u00e1mbito social y educativo.<\/p>\n<p align=\"justify\">Por \u00faltimo, se han intercambiado pareceres acerca de la situaci\u00f3n internacional actual y regional, prestando especial inter\u00e9s a las \u00e1reas de crisis.<\/p>\n<p align=\"justify\">Ciudad del Vaticano, (VIS).-<\/p>\n","protected":false},"excerpt":{"rendered":"<p>Audiencia a la presidente de Liberia: aprecio por el compromiso de la iglesia en favor de la paz La Presidente de la Rep\u00fablica de Liberia, Ellen Johnson-Sirleaf, fue recibida en la ma\u00f1ana del 5 de abril en el Palacio Apost\u00f3lico Vaticano y, sucesivamente, se encontr\u00f3 con el cardenal Pietro Parolin, Secretario de Estado a quien &hellip; <a href=\"https:\/\/www.biblia.work\/sermones\/audiencia-del-papa-francisco-con-la-presidente-de-liberia-ellen-johnson-sirleaf\/\" class=\"more-link\">Continuar leyendo<span class=\"screen-reader-text\"> \u00abAudiencia del Papa Francisco con la presidente de Liberia, Ellen Johnson-Sirleaf\u00bb<\/span><\/a><\/p>\n","protected":false},"author":1,"featured_media":0,"comment_status":"open","ping_status":"closed","sticky":false,"template":"","format":"standard","meta":{"footnotes":""},"categories":[1],"tags":[],"class_list":["post-37737","post","type-post","status-publish","format-standard","hentry","category-general"],"_links":{"self":[{"href":"https:\/\/www.biblia.work\/sermones\/wp-json\/wp\/v2\/posts\/37737","targetHints":{"allow":["GET"]}}],"collection":[{"href":"https:\/\/www.biblia.work\/sermones\/wp-json\/wp\/v2\/posts"}],"about":[{"href":"https:\/\/www.biblia.work\/sermones\/wp-json\/wp\/v2\/types\/post"}],"author":[{"embeddable":true,"href":"https:\/\/www.biblia.work\/sermones\/wp-json\/wp\/v2\/users\/1"}],"replies":[{"embeddable":true,"href":"https:\/\/www.biblia.work\/sermones\/wp-json\/wp\/v2\/comments?post=37737"}],"version-history":[{"count":0,"href":"https:\/\/www.biblia.work\/sermones\/wp-json\/wp\/v2\/posts\/37737\/revisions"}],"wp:attachment":[{"href":"https:\/\/www.biblia.work\/sermones\/wp-json\/wp\/v2\/media?parent=37737"}],"wp:term":[{"taxonomy":"category","embeddable":true,"href":"https:\/\/www.biblia.work\/sermones\/wp-json\/wp\/v2\/categories?post=37737"},{"taxonomy":"post_tag","embeddable":true,"href":"https:\/\/www.biblia.work\/sermones\/wp-json\/wp\/v2\/tags?post=37737"}],"curies":[{"name":"wp","href":"https:\/\/api.w.org\/{rel}","templated":true}]}}