{"id":37738,"date":"2016-06-21T14:57:49","date_gmt":"2016-06-21T19:57:49","guid":{"rendered":"http:\/\/www.biblia.work\/sermones\/audiencia-del-papa-francisco-con-el-comite-organizador-de-la-jmj-rio-2013\/"},"modified":"2016-06-21T14:57:49","modified_gmt":"2016-06-21T19:57:49","slug":"audiencia-del-papa-francisco-con-el-comite-organizador-de-la-jmj-rio-2013","status":"publish","type":"post","link":"https:\/\/www.biblia.work\/sermones\/audiencia-del-papa-francisco-con-el-comite-organizador-de-la-jmj-rio-2013\/","title":{"rendered":"Audiencia del Papa Francisco con el comit\u00e9 organizador de la JMJ R\u00edo 2013"},"content":{"rendered":"<p align=\"justify\"><strong>Audiencia del Papa Francisco con el comit\u00e9 organizador de la JMJ R\u00edo 2013<\/strong><\/p>\n<p align=\"justify\"><strong>Los cariocas me robaron el coraz\u00f3n, dice el Papa<\/strong><\/p>\n<p align=\"justify\"><b>El Comit\u00e9 organizador de la XXVIII Jornada Mundial de la Juventud<\/b> (Rio de Janeiro, Julio 2013) encabezado por el cardenal <b>Orani Joao Tempesta<\/b>, arzobispo de San Pablo, celebrada el pasado mes de julio en Rio de Janeiro (Brasil), ha sido recibido en audiencia esta ma\u00f1ana en <b>audiencia<\/b> por el Papa Francisco.<\/p>\n<p align=\"justify\">El Pont\u00edfice, bromeando, ha dicho que los cariocas eran unos ladrones porque le hab\u00edan robado el coraz\u00f3n y que aprovechaba la presencia del Comit\u00e9 para agradecer ese robo y tambi\u00e9n porque as\u00ed pod\u00eda mitigar la \u201csaudade\u201d de Brasil.<\/p>\n<p align=\"justify\">Despu\u00e9s, hablando de la dificultad de organizar un acontecimiento tan grande como fue la Jornada de R\u00edo, ha recurrido al milagro de la multiplicaci\u00f3n de los panes y los peces, cuando Jes\u00fas pidi\u00f3 a los ap\u00f3stoles que dieran de comer a la multitud que lo segu\u00eda, una tarea a todas luces imposible. \u201cSin embargo &#8211; ha dicho- los ap\u00f3stoles eran generosos que era imposible. Sin embargo, eran generosos: dieron al Se\u00f1or todo lo que ten\u00edan y Jes\u00fas multiplic\u00f3 sus esfuerzos. \u00bfNo fue eso lo que pas\u00f3 con la Jornada Mundial de la Juventud ?\u201d.<\/p>\n<p align=\"justify\">\u201cPero no s\u00f3lo debemos mirar hacia atr\u00e1s -ha afirmado- Tenemos que mirar hacia el futuro, fortalecidos con la seguridad de que Dios siempre multiplica nuestros esfuerzos. Jes\u00fas nos repite constantemente: &#8220;Dadles vosotros mismos de comer &#8221; . As\u00ed ese milagro vivido en la Jornada de la Juventud se debe repetir todos los d\u00edas, en cada parroquia , en cada comunidad , en el apostolado personal de cada uno! No podemos estar tranquilos sabiendo que todav\u00eda hay &#8216;muchos hermanos que viven sin la fuerza, la luz y el consuelo de la amistad con Jesucristo, sin una comunidad de fe que los acoja , sin un horizonte de sentido y de vida&#8217; Por lo tanto , es necesario repensar esas tres ideas que, de alguna manera resumen todo el mensaje de la Jornada Mundial de la Juventud: id, sin miedo, para servir. Tenemos que ser una &#8220;Iglesia en salida&#8221; como disc\u00edpulos misioneros que no tienen miedo de las dificultades , porque hemos visto que el Se\u00f1or multiplica nuestros esfuerzos , y por eso siempre estamos m\u00e1s motivados para servir, d\u00e1ndonos sin reservas , lleno de la alegr\u00eda del Evangelio\u201d.<\/p>\n<p align=\"justify\">Ciudad del Vaticano, 7 abril 2014 (VIS).-<\/p>\n","protected":false},"excerpt":{"rendered":"<p>Audiencia del Papa Francisco con el comit\u00e9 organizador de la JMJ R\u00edo 2013 Los cariocas me robaron el coraz\u00f3n, dice el Papa El Comit\u00e9 organizador de la XXVIII Jornada Mundial de la Juventud (Rio de Janeiro, Julio 2013) encabezado por el cardenal Orani Joao Tempesta, arzobispo de San Pablo, celebrada el pasado mes de julio &hellip; <a href=\"https:\/\/www.biblia.work\/sermones\/audiencia-del-papa-francisco-con-el-comite-organizador-de-la-jmj-rio-2013\/\" class=\"more-link\">Continuar leyendo<span class=\"screen-reader-text\"> \u00abAudiencia del Papa Francisco con el comit\u00e9 organizador de la JMJ R\u00edo 2013\u00bb<\/span><\/a><\/p>\n","protected":false},"author":1,"featured_media":0,"comment_status":"open","ping_status":"closed","sticky":false,"template":"","format":"standard","meta":{"footnotes":""},"categories":[1],"tags":[],"class_list":["post-37738","post","type-post","status-publish","format-standard","hentry","category-general"],"_links":{"self":[{"href":"https:\/\/www.biblia.work\/sermones\/wp-json\/wp\/v2\/posts\/37738","targetHints":{"allow":["GET"]}}],"collection":[{"href":"https:\/\/www.biblia.work\/sermones\/wp-json\/wp\/v2\/posts"}],"about":[{"href":"https:\/\/www.biblia.work\/sermones\/wp-json\/wp\/v2\/types\/post"}],"author":[{"embeddable":true,"href":"https:\/\/www.biblia.work\/sermones\/wp-json\/wp\/v2\/users\/1"}],"replies":[{"embeddable":true,"href":"https:\/\/www.biblia.work\/sermones\/wp-json\/wp\/v2\/comments?post=37738"}],"version-history":[{"count":0,"href":"https:\/\/www.biblia.work\/sermones\/wp-json\/wp\/v2\/posts\/37738\/revisions"}],"wp:attachment":[{"href":"https:\/\/www.biblia.work\/sermones\/wp-json\/wp\/v2\/media?parent=37738"}],"wp:term":[{"taxonomy":"category","embeddable":true,"href":"https:\/\/www.biblia.work\/sermones\/wp-json\/wp\/v2\/categories?post=37738"},{"taxonomy":"post_tag","embeddable":true,"href":"https:\/\/www.biblia.work\/sermones\/wp-json\/wp\/v2\/tags?post=37738"}],"curies":[{"name":"wp","href":"https:\/\/api.w.org\/{rel}","templated":true}]}}