{"id":37742,"date":"2016-06-21T14:58:11","date_gmt":"2016-06-21T19:58:11","guid":{"rendered":"http:\/\/www.biblia.work\/sermones\/mensaje-a-los-miembros-del-comite-catholique-international-pour-les-tsiganes-ccit\/"},"modified":"2016-06-21T14:58:11","modified_gmt":"2016-06-21T19:58:11","slug":"mensaje-a-los-miembros-del-comite-catholique-international-pour-les-tsiganes-ccit","status":"publish","type":"post","link":"https:\/\/www.biblia.work\/sermones\/mensaje-a-los-miembros-del-comite-catholique-international-pour-les-tsiganes-ccit\/","title":{"rendered":"Mensaje a los miembros del Comit\u00e9 Catholique International pour les Tsiganes (CCIT)"},"content":{"rendered":"<p align=\"justify\">Mensaje a los miembros del Comit\u00e9 Catholique International pour les Tsiganes (CCIT)<\/p>\n<p align=\"justify\">Trabajar por la inclusi\u00f3n de los gitanos<\/p>\n<p align=\"justify\">El cardenal <b>Antonio Maria Vegli\u00f2<\/b>, presidente del Pontificio Consejo para la Pastoral de los Emigrantes e Itinerantes, ha enviado a los miembros del Comit\u00e9 Catholique International pour les Tsiganes CCIT, un <b>mensaje<\/b> con motivo de la <b>reuni\u00f3n de ese organismo en Cavallino-Treporti<\/b>, Italia, del 4 al 6 de abril.<\/p>\n<p align=\"justify\">Publicamos a continuaci\u00f3n extractos del texto:<\/p>\n<p align=\"justify\">&nbsp;<\/p>\n<p align=\"justify\">\u201cEn nuestro mundo globalizado, de hecho se siguen construyendo muros que dividen a pueblos del mismo continente, a gentes del mismo pa\u00eds o a personas de la misma ciudad. Incluso entre los pa\u00edses europeos, algunos todav\u00eda est\u00e1n influenciados negativamente en sus decisiones pol\u00edticas hacia los roman\u00edes, de los que est\u00e1is cerca en vuestros respectivos compromisos pastorales&#8230;El desaf\u00edo que afront\u00e1is con valent\u00eda evang\u00e9lica en vuestras actividades pastorales demuestra que para derribar los muros se inicia en el coraz\u00f3n, primer espacio en el que incluir al otro, y hasta que los corazones no se abran no ser\u00e1 f\u00e1cil alcanzar una sociedad inclusiva. Por tanto, este momento de reflexi\u00f3n os ofrece la oportunidad de unir vuestras energ\u00edas para crear una din\u00e1mica social en la que las diversas culturas puedan vivir juntas\u201d.<\/p>\n<p align=\"justify\">\u201cLos gitanos necesitan de la humanidad de las sociedades en las que viven para sentirse miembros de la familia humana, benefici\u00e1ndose de los derechos de los que gozan los otros miembros de la comunidad en el respeto de su dignidad y de su identidad&#8230; Es necesario por parte de todos un trabajo tenaz y paciente. La Iglesia puede ser fuente de inspiraci\u00f3n y puede hacer confluir los esfuerzos en un compromiso com\u00fan para afrontar los dilemas que est\u00e1n a la base de las dificultades humanas de los gitanos&#8230; El documento \u201cOrientaciones para una pastoral de los gitanos\u201d sigue siendo para vosotros una referencia fundamental, para aprovechar al m\u00e1ximo en vuestro servicio en medio de este pueblo, ya que ofrece importantes l\u00edneas que son el resultado del trabajo conjunto\u201d.<\/p>\n<p align=\"justify\">\u201cLos gitanos tienen el derecho de ser reconocidos al menos como minor\u00edas \u00e9tnicas en los pa\u00edses en los que viven, ya que en la Uni\u00f3n Europea son la minor\u00eda m\u00e1s numerosa. La Iglesia -finaliza el mensaje- tiene la tarea de llevar el Evangelio de Jes\u00fas en medio de ellos, pero tambi\u00e9n de apoyar su sue\u00f1o de integraci\u00f3n que pasa por la educaci\u00f3n, la salud, el empleo y la vivienda. Todo ello en colaboraci\u00f3n con las personas de buena voluntad\u201d.<\/p>\n<p align=\"justify\">Ciudad del Vaticano (VIS).-<\/p>\n","protected":false},"excerpt":{"rendered":"<p>Mensaje a los miembros del Comit\u00e9 Catholique International pour les Tsiganes (CCIT) Trabajar por la inclusi\u00f3n de los gitanos El cardenal Antonio Maria Vegli\u00f2, presidente del Pontificio Consejo para la Pastoral de los Emigrantes e Itinerantes, ha enviado a los miembros del Comit\u00e9 Catholique International pour les Tsiganes CCIT, un mensaje con motivo de la &hellip; <a href=\"https:\/\/www.biblia.work\/sermones\/mensaje-a-los-miembros-del-comite-catholique-international-pour-les-tsiganes-ccit\/\" class=\"more-link\">Continuar leyendo<span class=\"screen-reader-text\"> \u00abMensaje a los miembros del Comit\u00e9 Catholique International pour les Tsiganes (CCIT)\u00bb<\/span><\/a><\/p>\n","protected":false},"author":1,"featured_media":0,"comment_status":"open","ping_status":"closed","sticky":false,"template":"","format":"standard","meta":{"footnotes":""},"categories":[1],"tags":[],"class_list":["post-37742","post","type-post","status-publish","format-standard","hentry","category-general"],"_links":{"self":[{"href":"https:\/\/www.biblia.work\/sermones\/wp-json\/wp\/v2\/posts\/37742","targetHints":{"allow":["GET"]}}],"collection":[{"href":"https:\/\/www.biblia.work\/sermones\/wp-json\/wp\/v2\/posts"}],"about":[{"href":"https:\/\/www.biblia.work\/sermones\/wp-json\/wp\/v2\/types\/post"}],"author":[{"embeddable":true,"href":"https:\/\/www.biblia.work\/sermones\/wp-json\/wp\/v2\/users\/1"}],"replies":[{"embeddable":true,"href":"https:\/\/www.biblia.work\/sermones\/wp-json\/wp\/v2\/comments?post=37742"}],"version-history":[{"count":0,"href":"https:\/\/www.biblia.work\/sermones\/wp-json\/wp\/v2\/posts\/37742\/revisions"}],"wp:attachment":[{"href":"https:\/\/www.biblia.work\/sermones\/wp-json\/wp\/v2\/media?parent=37742"}],"wp:term":[{"taxonomy":"category","embeddable":true,"href":"https:\/\/www.biblia.work\/sermones\/wp-json\/wp\/v2\/categories?post=37742"},{"taxonomy":"post_tag","embeddable":true,"href":"https:\/\/www.biblia.work\/sermones\/wp-json\/wp\/v2\/tags?post=37742"}],"curies":[{"name":"wp","href":"https:\/\/api.w.org\/{rel}","templated":true}]}}