{"id":37743,"date":"2016-06-21T14:58:15","date_gmt":"2016-06-21T19:58:15","guid":{"rendered":"http:\/\/www.biblia.work\/sermones\/el-cardenal-orani-joao-tempesta-toma-posesion-de-su-titulo-de-santa-maria-de-la-providencia\/"},"modified":"2016-06-21T14:58:15","modified_gmt":"2016-06-21T19:58:15","slug":"el-cardenal-orani-joao-tempesta-toma-posesion-de-su-titulo-de-santa-maria-de-la-providencia","status":"publish","type":"post","link":"https:\/\/www.biblia.work\/sermones\/el-cardenal-orani-joao-tempesta-toma-posesion-de-su-titulo-de-santa-maria-de-la-providencia\/","title":{"rendered":"El cardenal Orani Joao Tempesta toma posesi\u00f3n de su t\u00edtulo de Santa Mar\u00eda de la Providencia"},"content":{"rendered":"<p align=\"justify\">EL CARDENAL ORANI JOAO TEMPESTA TOMA POSESI\u00d3N DE SU TITULO<\/p>\n<p align=\"justify\">La Oficina de las Ceremonias Lit\u00fargicas del Sumo Pont\u00edfice informa de que el s\u00e1bado, 12 de abril, a las 18.30, el cardenal Orani Joao Tempesta, arzobispo de San Sebasti\u00e1n de Rio de Janeiro tomar\u00e1 posesi\u00f3n del T\u00edtulo de Santa Mar\u00eda de la Providencia en Monte Verde (Via de Donna Olimpia, 35).<\/p>\n<p align=\"justify\">Ciudad del Vaticano (VIS).-<\/p>\n","protected":false},"excerpt":{"rendered":"<p>EL CARDENAL ORANI JOAO TEMPESTA TOMA POSESI\u00d3N DE SU TITULO La Oficina de las Ceremonias Lit\u00fargicas del Sumo Pont\u00edfice informa de que el s\u00e1bado, 12 de abril, a las 18.30, el cardenal Orani Joao Tempesta, arzobispo de San Sebasti\u00e1n de Rio de Janeiro tomar\u00e1 posesi\u00f3n del T\u00edtulo de Santa Mar\u00eda de la Providencia en Monte &hellip; <a href=\"https:\/\/www.biblia.work\/sermones\/el-cardenal-orani-joao-tempesta-toma-posesion-de-su-titulo-de-santa-maria-de-la-providencia\/\" class=\"more-link\">Continuar leyendo<span class=\"screen-reader-text\"> \u00abEl cardenal Orani Joao Tempesta toma posesi\u00f3n de su t\u00edtulo de Santa Mar\u00eda de la Providencia\u00bb<\/span><\/a><\/p>\n","protected":false},"author":1,"featured_media":0,"comment_status":"open","ping_status":"closed","sticky":false,"template":"","format":"standard","meta":{"footnotes":""},"categories":[1],"tags":[],"class_list":["post-37743","post","type-post","status-publish","format-standard","hentry","category-general"],"_links":{"self":[{"href":"https:\/\/www.biblia.work\/sermones\/wp-json\/wp\/v2\/posts\/37743","targetHints":{"allow":["GET"]}}],"collection":[{"href":"https:\/\/www.biblia.work\/sermones\/wp-json\/wp\/v2\/posts"}],"about":[{"href":"https:\/\/www.biblia.work\/sermones\/wp-json\/wp\/v2\/types\/post"}],"author":[{"embeddable":true,"href":"https:\/\/www.biblia.work\/sermones\/wp-json\/wp\/v2\/users\/1"}],"replies":[{"embeddable":true,"href":"https:\/\/www.biblia.work\/sermones\/wp-json\/wp\/v2\/comments?post=37743"}],"version-history":[{"count":0,"href":"https:\/\/www.biblia.work\/sermones\/wp-json\/wp\/v2\/posts\/37743\/revisions"}],"wp:attachment":[{"href":"https:\/\/www.biblia.work\/sermones\/wp-json\/wp\/v2\/media?parent=37743"}],"wp:term":[{"taxonomy":"category","embeddable":true,"href":"https:\/\/www.biblia.work\/sermones\/wp-json\/wp\/v2\/categories?post=37743"},{"taxonomy":"post_tag","embeddable":true,"href":"https:\/\/www.biblia.work\/sermones\/wp-json\/wp\/v2\/tags?post=37743"}],"curies":[{"name":"wp","href":"https:\/\/api.w.org\/{rel}","templated":true}]}}