{"id":37745,"date":"2016-06-21T14:58:28","date_gmt":"2016-06-21T19:58:28","guid":{"rendered":"http:\/\/www.biblia.work\/sermones\/cronica-de-la-audiencia-del-papa-francisco-con-la-reina-de-inglaterra-isabel-ii\/"},"modified":"2016-06-21T14:58:28","modified_gmt":"2016-06-21T19:58:28","slug":"cronica-de-la-audiencia-del-papa-francisco-con-la-reina-de-inglaterra-isabel-ii","status":"publish","type":"post","link":"https:\/\/www.biblia.work\/sermones\/cronica-de-la-audiencia-del-papa-francisco-con-la-reina-de-inglaterra-isabel-ii\/","title":{"rendered":"Cr\u00f3nica de la audiencia del Papa Francisco con la reina de Inglaterra, Isabel II"},"content":{"rendered":"<p align=\"justify\">Cr\u00f3nica de la audiencia del Papa Francisco con la reina de Inglaterra, Isabel II<\/p>\n<p align=\"justify\">Su Majestad la Reina Isabel II de Inglaterra, acompa\u00f1ada por su consorte, Su Alteza Real el Duque de Edimburgo lleg\u00f3 ayer al Vaticano, procedente del Quirinal, alrededor de las 15,20 horas.<br \/>\nEn la plazoleta Juan Pablo II ( entre el Aula Pablo VI y el Palacio de la Can\u00f3nica) fue acogida por el cardenal Pietro Parolin, Secretario de Estado, a quien acompa\u00f1aban el arzobispo Dominique Mamberti, Secretario para las Relaciones con los Estados y monse\u00f1or Antoine Camilleri, Subsecretario para las Relaciones con los Estados. A la entrada del sal\u00f3n interior la esperaba tambi\u00e9n el cardenal Cormac Murphy- O&#8217;Connor, arzobispo em\u00e9rito de Westminster.<br \/>\nEl Santo Padre recibi\u00f3 a su Majestad la Reina y al Duque de Edimburgo, en su despacho al lado del Aula Pablo VI. El coloquio, privado, dur\u00f3 unos veinte minutos, concluido el cual, en el sal\u00f3n adyacente tuvo lugar la presentaci\u00f3n del s\u00e9quito y el intercambio de regalos.<\/p>\n<p align=\"justify\">El de Su Majestad fue una cesta de productos comestibles (mermeladas, bebidas, etc&#8230;), procedentes de varias propiedades reales. Por su parte, el Papa regal\u00f3 a Su Majestad el facs\u00edmil de un precioso documento conservado en el Vaticano, en el que el culto de San Eduardo el Confesor (predecesor de la familia real inglesa y fundador de la abad\u00eda de Westminster, donde est\u00e1 enterrado) se extiende a la Iglesia universal, en 1679, por el Papa Inocencio XI.<\/p>\n<p align=\"justify\">Adem\u00e1s, el Santo Padre ha regalado al bisnieto de Su Majestada, el Principe George de Cambridge, un objeto art\u00edstico (una esfera de lapisl\u00e1zuli con una cruz de San Eduardo de plata) y a su Alteza Real, el Duque de Edimburgo, el tr\u00edptico de las medallas del pontificado.<br \/>\nEl cortejo real sali\u00f3 del Vaticano poco antes de las 16.00.<\/p>\n<p align=\"justify\">Ciudad del Vaticano, 4 abril 2014 (VIS).-<\/p>\n","protected":false},"excerpt":{"rendered":"<p>Cr\u00f3nica de la audiencia del Papa Francisco con la reina de Inglaterra, Isabel II Su Majestad la Reina Isabel II de Inglaterra, acompa\u00f1ada por su consorte, Su Alteza Real el Duque de Edimburgo lleg\u00f3 ayer al Vaticano, procedente del Quirinal, alrededor de las 15,20 horas. En la plazoleta Juan Pablo II ( entre el Aula &hellip; <a href=\"https:\/\/www.biblia.work\/sermones\/cronica-de-la-audiencia-del-papa-francisco-con-la-reina-de-inglaterra-isabel-ii\/\" class=\"more-link\">Continuar leyendo<span class=\"screen-reader-text\"> \u00abCr\u00f3nica de la audiencia del Papa Francisco con la reina de Inglaterra, Isabel II\u00bb<\/span><\/a><\/p>\n","protected":false},"author":1,"featured_media":0,"comment_status":"open","ping_status":"closed","sticky":false,"template":"","format":"standard","meta":{"footnotes":""},"categories":[1],"tags":[],"class_list":["post-37745","post","type-post","status-publish","format-standard","hentry","category-general"],"_links":{"self":[{"href":"https:\/\/www.biblia.work\/sermones\/wp-json\/wp\/v2\/posts\/37745","targetHints":{"allow":["GET"]}}],"collection":[{"href":"https:\/\/www.biblia.work\/sermones\/wp-json\/wp\/v2\/posts"}],"about":[{"href":"https:\/\/www.biblia.work\/sermones\/wp-json\/wp\/v2\/types\/post"}],"author":[{"embeddable":true,"href":"https:\/\/www.biblia.work\/sermones\/wp-json\/wp\/v2\/users\/1"}],"replies":[{"embeddable":true,"href":"https:\/\/www.biblia.work\/sermones\/wp-json\/wp\/v2\/comments?post=37745"}],"version-history":[{"count":0,"href":"https:\/\/www.biblia.work\/sermones\/wp-json\/wp\/v2\/posts\/37745\/revisions"}],"wp:attachment":[{"href":"https:\/\/www.biblia.work\/sermones\/wp-json\/wp\/v2\/media?parent=37745"}],"wp:term":[{"taxonomy":"category","embeddable":true,"href":"https:\/\/www.biblia.work\/sermones\/wp-json\/wp\/v2\/categories?post=37745"},{"taxonomy":"post_tag","embeddable":true,"href":"https:\/\/www.biblia.work\/sermones\/wp-json\/wp\/v2\/tags?post=37745"}],"curies":[{"name":"wp","href":"https:\/\/api.w.org\/{rel}","templated":true}]}}