{"id":37747,"date":"2016-06-21T14:58:36","date_gmt":"2016-06-21T19:58:36","guid":{"rendered":"http:\/\/www.biblia.work\/sermones\/ratificacion-de-acuerdo-entre-santa-sede-y-cabo-verde\/"},"modified":"2016-06-21T14:58:36","modified_gmt":"2016-06-21T19:58:36","slug":"ratificacion-de-acuerdo-entre-santa-sede-y-cabo-verde","status":"publish","type":"post","link":"https:\/\/www.biblia.work\/sermones\/ratificacion-de-acuerdo-entre-santa-sede-y-cabo-verde\/","title":{"rendered":"Ratificaci\u00f3n de acuerdo entre Santa Sede y Cabo Verde"},"content":{"rendered":"<p align=\"justify\"><b>Ratificaci\u00f3n de acuerdo entre Santa Sede y Cabo Verde<\/b><\/p>\n<p align=\"justify\">Esta ma\u00f1ana en el Palacio Apost\u00f3lico Vaticano, el Santo Padre ha recibido en audiencia a <b>Jos\u00e9 Mar\u00eda Pereira Neves<\/b>, Primer Ministro de la <b>Rep\u00fablica de Cabo Verde<\/b>, que a continuaci\u00f3n se ha encontrado con el arzobispo Pietro Parolin, Secretario de Estado y con el arzobispo Dominique Mamberti, Secretario para las Relaciones con los Estados.<\/p>\n<p align=\"justify\">Posteriormente, en la Sala de los Tratados del Palacio Apost\u00f3lico, el cardenal Secretario de Estado y el Primer Ministro han intercambiado los instrumentos de ratificaci\u00f3n del Acuerdo entre la Santa Sede y la Rep\u00fablica de Cabo Verde relativos al Estatuto Jur\u00eddico de la Iglesia Cat\u00f3lica en Cabo Verde, firmado en Praia el 10 de junio de 2013.\u2028\u2028El Acuerdo, que refuerza a\u00fan m\u00e1s los lazos de amistad y cooperaci\u00f3n existentes entre las dos partes, consta de treinta art\u00edculos y establece el marco legal y normativo de referencia; reconoce los domingos como d\u00edas festivos y regula diversas \u00e1reas de inter\u00e9s com\u00fan, tales como: la protecci\u00f3n de los lugares de culto y de celebraciones; los efectos civiles del matrimonio can\u00f3nico y de las sentencias eclesi\u00e1sticas en materia; garantiza las instituciones cat\u00f3licas de educaci\u00f3n y formaci\u00f3n; la ense\u00f1anza de la religi\u00f3n en las escuelas; las actividades de asistencia y caridad de la Iglesia; el cuidado pastoral en el ej\u00e9rcito, en las c\u00e1rceles y los hospitales, as\u00ed como el r\u00e9gimen patrimonial y fiscal.\u2028El Acuerdo entrar\u00e1 en vigor treinta d\u00edas despu\u00e9s del intercambio de los instrumentos de ratificaci\u00f3n.<\/p>\n<p align=\"justify\">El cardenal Pietro Parolin, durante la reuni\u00f3n ha destacado c\u00f3mo la ceremonia de intercambio sea una gran oportunidad para \u201cmirar con satisfacci\u00f3n el tiempo transcurrido desde el inicio de las relaciones diplom\u00e1ticas entre la Santa Sede y la Rep\u00fablica de Cabo Verde, en 1976, poco despu\u00e9s de la independencia. Durante estos a\u00f1os se ha creado una relaci\u00f3n amistosa y fruct\u00edfera, se han sentado las bases para una colaboraci\u00f3n m\u00e1s eficaz, preparada para afrontar las precedentes expectativas, as\u00ed como para responder adecuadamente a las cuestiones pastorales y sociales de la actualidad\u201d.<\/p>\n<p align=\"justify\">\u201cPor supuesto -ha subrayado- el acto solemne que estamos celebrando no constituye un un punto de llegada, sino m\u00e1s bien un relanzar el compromiso de las dos partes por el bien de todo el pueblo de Cabo Verde. Para la Iglesia en Cabo Verde, este acto adquiere la importancia de un acontecimiento hist\u00f3rico, se\u00f1al de la excelente cooperaci\u00f3n entre las autoridades pol\u00edticas y la comunidad cat\u00f3lica\u201d.<\/p>\n<p align=\"justify\">Ciudad del Vaticano, 3 abril 2014 (VIS).-<\/p>\n","protected":false},"excerpt":{"rendered":"<p>Ratificaci\u00f3n de acuerdo entre Santa Sede y Cabo Verde Esta ma\u00f1ana en el Palacio Apost\u00f3lico Vaticano, el Santo Padre ha recibido en audiencia a Jos\u00e9 Mar\u00eda Pereira Neves, Primer Ministro de la Rep\u00fablica de Cabo Verde, que a continuaci\u00f3n se ha encontrado con el arzobispo Pietro Parolin, Secretario de Estado y con el arzobispo Dominique &hellip; <a href=\"https:\/\/www.biblia.work\/sermones\/ratificacion-de-acuerdo-entre-santa-sede-y-cabo-verde\/\" class=\"more-link\">Continuar leyendo<span class=\"screen-reader-text\"> \u00abRatificaci\u00f3n de acuerdo entre Santa Sede y Cabo Verde\u00bb<\/span><\/a><\/p>\n","protected":false},"author":1,"featured_media":0,"comment_status":"open","ping_status":"closed","sticky":false,"template":"","format":"standard","meta":{"footnotes":""},"categories":[1],"tags":[],"class_list":["post-37747","post","type-post","status-publish","format-standard","hentry","category-general"],"_links":{"self":[{"href":"https:\/\/www.biblia.work\/sermones\/wp-json\/wp\/v2\/posts\/37747","targetHints":{"allow":["GET"]}}],"collection":[{"href":"https:\/\/www.biblia.work\/sermones\/wp-json\/wp\/v2\/posts"}],"about":[{"href":"https:\/\/www.biblia.work\/sermones\/wp-json\/wp\/v2\/types\/post"}],"author":[{"embeddable":true,"href":"https:\/\/www.biblia.work\/sermones\/wp-json\/wp\/v2\/users\/1"}],"replies":[{"embeddable":true,"href":"https:\/\/www.biblia.work\/sermones\/wp-json\/wp\/v2\/comments?post=37747"}],"version-history":[{"count":0,"href":"https:\/\/www.biblia.work\/sermones\/wp-json\/wp\/v2\/posts\/37747\/revisions"}],"wp:attachment":[{"href":"https:\/\/www.biblia.work\/sermones\/wp-json\/wp\/v2\/media?parent=37747"}],"wp:term":[{"taxonomy":"category","embeddable":true,"href":"https:\/\/www.biblia.work\/sermones\/wp-json\/wp\/v2\/categories?post=37747"},{"taxonomy":"post_tag","embeddable":true,"href":"https:\/\/www.biblia.work\/sermones\/wp-json\/wp\/v2\/tags?post=37747"}],"curies":[{"name":"wp","href":"https:\/\/api.w.org\/{rel}","templated":true}]}}