{"id":37749,"date":"2016-06-21T14:58:45","date_gmt":"2016-06-21T19:58:45","guid":{"rendered":"http:\/\/www.biblia.work\/sermones\/el-papa-francisco-recibe-a-los-obispos-de-ruanda-en-visita-ad-limna\/"},"modified":"2016-06-21T14:58:45","modified_gmt":"2016-06-21T19:58:45","slug":"el-papa-francisco-recibe-a-los-obispos-de-ruanda-en-visita-ad-limna","status":"publish","type":"post","link":"https:\/\/www.biblia.work\/sermones\/el-papa-francisco-recibe-a-los-obispos-de-ruanda-en-visita-ad-limna\/","title":{"rendered":"El Papa Francisco recibe a los obispos de Ruanda en visita ad Limna"},"content":{"rendered":"<p align=\"justify\"><b>El Papa Francisco recibe a los obispos de Ruanda en visita ad Limna<\/b><\/p>\n<p align=\"justify\">La Iglesia tiene un papel importante en la reconciliaci\u00f3n de Ruanda<\/p>\n<p align=\"justify\">La reconciliaci\u00f3n nacional y el papel que la Iglesia puede desempe\u00f1ar en esa tarea, cuando se cumplen veinte a\u00f1os del genocidio que devast\u00f3 al pa\u00eds, han sido los temas centrales del discurso del Papa Francisco a los obispos de la Conferencia Episcopal de Ruanda al final de su quinquenal visita \u201cad Limina\u201d.<\/p>\n<p align=\"justify\">El Santo Padre recuerda el sufrimiento de los ruandeses y las tantas heridas que todav\u00eda est\u00e1n lejos de cerrarse y, uni\u00e9ndose de todo coraz\u00f3n al luto de la poblaci\u00f3n, asegura sus oraciones por las comunidades eclesiales \u201ca menudo desgarradas, por todas las v\u00edctimas y sus familias y por todos los ruandeses, independientemente de su religi\u00f3n , de su etnia o de su opci\u00f3n pol\u00edtica\u201d.<\/p>\n<p align=\"justify\">Dos d\u00e9cadas despu\u00e9s de los tr\u00e1gicos acontecimientos de 1994 \u201cla reconciliaci\u00f3n y el resta\u00f1o de las heridas siguen siendo, sin lugar a dudas la prioridad de la Iglesia en Ruanda -escribe el Papa- &#8230;El perd\u00f3n de las ofensas y la reconciliaci\u00f3n genuina que despu\u00e9s de tanto sufrimiento podr\u00edan parecer imposibles desde el punto de vista humano son, sin embargo, un don que es posible recibir de Cristo gracias a la fe y a la oraci\u00f3n, incluso si el camino es largo y requiere paciencia, respeto mutuo y di\u00e1logo. Por tanto, la Iglesia tiene un lugar en la reconstrucci\u00f3n de la sociedad ruandesa reconciliada ; con toda la fuerza de su fe y de la esperanza cristiana, as\u00ed que adelante con vigor, dando constantemente testimonio de la verdad&#8230; .Y para ello es importante que, m\u00e1s all\u00e1 de los prejuicios y las divisiones \u00e9tnicas , la Iglesia hable con una sola voz, manifieste su unidad manifiesta y reafirme su comuni\u00f3n con la Iglesia universal y con el Sucesor de Pedro\u201d.<\/p>\n<p align=\"justify\">En ese contexto de reconciliaci\u00f3n nacional, tambi\u00e9n es necesario fortalecer las relaciones de confianza entre la Iglesia y el Estado, y la celebraci\u00f3n del cincuenta aniversario de la apertura de relaciones diplom\u00e1ticas entre la Santa Sede y Ruanda brinda la oportunidad de recordar sus ben\u00e9ficas repercusiones en el pa\u00eds. \u201cUn di\u00e1logo constructivo y genuino con las autoridades -reitera el Pont\u00edfice- fomenta el trabajo en com\u00fan de reconciliaci\u00f3n y de reconstrucci\u00f3n de la sociedad basado en los valores de la dignidad humana, la justicia y la paz. Sed una Iglesia \u201cen salida\u201d que sepa tomar la iniciativa y generar confianza\u201d.<\/p>\n<p align=\"justify\">Francisco pone de relieve la aportaci\u00f3n insustituible de la Iglesia al bien com\u00fan, sobre todo en los sectores de la educaci\u00f3n y la salud. En este \u00faltimo, hay tantas personas que se dedican a las v\u00edctimas de la guerra, heridas \u201cen el alma o en el cuerpo\u201d, especialmente las viudas y los hu\u00e9rfanos, sin descuidar a los ancianos y enfermos. El Papa subraya tambi\u00e9n que la educaci\u00f3n de los j\u00f3venes \u201ces la clave para el futuro en un pa\u00eds donde la poblaci\u00f3n se renueva r\u00e1pidamente\u201d y \u201cpor lo tanto, es deber de la Iglesia formar a los ni\u00f1os y j\u00f3venes en los valores del Evangelio que&#8230;, ser\u00e1n para ellos como una br\u00fajula que indica el camino. Tienen que aprenden a ser miembros activos y generosos de la sociedad , porque en ellos reside su futuro\u201d.<\/p>\n<p align=\"justify\">En la tarea de evangelizaci\u00f3n y reconstrucci\u00f3n, los laicos \u201ctienen un papel crucial\u201d y su labor en la sociedad ser\u00e1 creible en la medida en que sean \u201ccompetentes y honrados\u201d. El Santo Padre insta en este sentido a los obispos a prestar atenci\u00f3n a su formaci\u00f3n y les recuerda, al mismo tiempo, que dediquen toda la atenci\u00f3n posible a las familias ruandesas, muchas de las cuales han sido \u201cdesgarradas y recompuestas\u201d. No olvida a los sacerdotes, a quien expresa su gratitud porque su tarea es \u201ctodav\u00eda m\u00e1s gravosa ya que son poco numerosos\u201d.<\/p>\n<p align=\"justify\">El Papa termina su discurso encomendando Ruanda a la protecci\u00f3n materna de la Virgen Mar\u00eda. \u201cEs mi ferviente esperanza -escribe- que del Santuario de Kibeho irradie a\u00fan m\u00e1s el amor de Mar\u00eda por sus hijos, especialmente por los m\u00e1s pobres y perjudicados, y que sea para la Iglesia en Ruanda, y fuera de ella, una llamada a dirigirse con confianza a &#8221; Nuestra Se\u00f1ora de los Dolores &#8220;, para que acompa\u00f1e a cada uno en su camino y obtenga el don de la reconciliaci\u00f3n y la paz\u201d.<\/p>\n<p align=\"justify\">Ciudad del Vaticano, 3 abril 2014 (VIS).-<\/p>\n","protected":false},"excerpt":{"rendered":"<p>El Papa Francisco recibe a los obispos de Ruanda en visita ad Limna La Iglesia tiene un papel importante en la reconciliaci\u00f3n de Ruanda La reconciliaci\u00f3n nacional y el papel que la Iglesia puede desempe\u00f1ar en esa tarea, cuando se cumplen veinte a\u00f1os del genocidio que devast\u00f3 al pa\u00eds, han sido los temas centrales del &hellip; <a href=\"https:\/\/www.biblia.work\/sermones\/el-papa-francisco-recibe-a-los-obispos-de-ruanda-en-visita-ad-limna\/\" class=\"more-link\">Continuar leyendo<span class=\"screen-reader-text\"> \u00abEl Papa Francisco recibe a los obispos de Ruanda en visita ad Limna\u00bb<\/span><\/a><\/p>\n","protected":false},"author":1,"featured_media":0,"comment_status":"open","ping_status":"closed","sticky":false,"template":"","format":"standard","meta":{"footnotes":""},"categories":[1],"tags":[],"class_list":["post-37749","post","type-post","status-publish","format-standard","hentry","category-general"],"_links":{"self":[{"href":"https:\/\/www.biblia.work\/sermones\/wp-json\/wp\/v2\/posts\/37749","targetHints":{"allow":["GET"]}}],"collection":[{"href":"https:\/\/www.biblia.work\/sermones\/wp-json\/wp\/v2\/posts"}],"about":[{"href":"https:\/\/www.biblia.work\/sermones\/wp-json\/wp\/v2\/types\/post"}],"author":[{"embeddable":true,"href":"https:\/\/www.biblia.work\/sermones\/wp-json\/wp\/v2\/users\/1"}],"replies":[{"embeddable":true,"href":"https:\/\/www.biblia.work\/sermones\/wp-json\/wp\/v2\/comments?post=37749"}],"version-history":[{"count":0,"href":"https:\/\/www.biblia.work\/sermones\/wp-json\/wp\/v2\/posts\/37749\/revisions"}],"wp:attachment":[{"href":"https:\/\/www.biblia.work\/sermones\/wp-json\/wp\/v2\/media?parent=37749"}],"wp:term":[{"taxonomy":"category","embeddable":true,"href":"https:\/\/www.biblia.work\/sermones\/wp-json\/wp\/v2\/categories?post=37749"},{"taxonomy":"post_tag","embeddable":true,"href":"https:\/\/www.biblia.work\/sermones\/wp-json\/wp\/v2\/tags?post=37749"}],"curies":[{"name":"wp","href":"https:\/\/api.w.org\/{rel}","templated":true}]}}