{"id":37751,"date":"2016-06-21T14:58:57","date_gmt":"2016-06-21T19:58:57","guid":{"rendered":"http:\/\/www.biblia.work\/sermones\/evangelii-gaudium-tema-de-la-reunion-del-papa-con-los-jefes-de-dicasterios-de-la-curia-romana\/"},"modified":"2016-06-21T14:58:57","modified_gmt":"2016-06-21T19:58:57","slug":"evangelii-gaudium-tema-de-la-reunion-del-papa-con-los-jefes-de-dicasterios-de-la-curia-romana","status":"publish","type":"post","link":"https:\/\/www.biblia.work\/sermones\/evangelii-gaudium-tema-de-la-reunion-del-papa-con-los-jefes-de-dicasterios-de-la-curia-romana\/","title":{"rendered":"Evangelii gaudium: tema de la reuni\u00f3n del Papa con los jefes de dicasterios de la Curia Romana"},"content":{"rendered":"<p align=\"justify\"><b>Evangelii gaudium: tema de la reuni\u00f3n del Papa con los jefes de dicasterios de la Curia Romana<\/b><\/p>\n<p align=\"justify\">La Oficina de Prensa de la Santa Sede informa en un comunicado de que esta ma\u00f1ana a las 9.30 en la Sala Bologna del Palacio Apost\u00f3lico, el Santo Padre ha presidido una reuni\u00f3n con los jefes de los dicasterios de la Curia. <\/p>\n<p align=\"justify\">El argumento de la reuni\u00f3n han sido las reflexiones y reacciones suscitadas en los diversos dicasterios por la exhortaci\u00f3n apost\u00f3lica \u201cEvangelii Gaudium\u201d, y las perspectivas que se abren para su implementaci\u00f3n. El encuentro ha terminado a las 12.00.<\/p>\n<p align=\"justify\">Ciudad del Vaticano, 1 abril 2014 (VIS).-<\/p>\n","protected":false},"excerpt":{"rendered":"<p>Evangelii gaudium: tema de la reuni\u00f3n del Papa con los jefes de dicasterios de la Curia Romana La Oficina de Prensa de la Santa Sede informa en un comunicado de que esta ma\u00f1ana a las 9.30 en la Sala Bologna del Palacio Apost\u00f3lico, el Santo Padre ha presidido una reuni\u00f3n con los jefes de los &hellip; <a href=\"https:\/\/www.biblia.work\/sermones\/evangelii-gaudium-tema-de-la-reunion-del-papa-con-los-jefes-de-dicasterios-de-la-curia-romana\/\" class=\"more-link\">Continuar leyendo<span class=\"screen-reader-text\"> \u00abEvangelii gaudium: tema de la reuni\u00f3n del Papa con los jefes de dicasterios de la Curia Romana\u00bb<\/span><\/a><\/p>\n","protected":false},"author":1,"featured_media":0,"comment_status":"open","ping_status":"closed","sticky":false,"template":"","format":"standard","meta":{"footnotes":""},"categories":[1],"tags":[],"class_list":["post-37751","post","type-post","status-publish","format-standard","hentry","category-general"],"_links":{"self":[{"href":"https:\/\/www.biblia.work\/sermones\/wp-json\/wp\/v2\/posts\/37751","targetHints":{"allow":["GET"]}}],"collection":[{"href":"https:\/\/www.biblia.work\/sermones\/wp-json\/wp\/v2\/posts"}],"about":[{"href":"https:\/\/www.biblia.work\/sermones\/wp-json\/wp\/v2\/types\/post"}],"author":[{"embeddable":true,"href":"https:\/\/www.biblia.work\/sermones\/wp-json\/wp\/v2\/users\/1"}],"replies":[{"embeddable":true,"href":"https:\/\/www.biblia.work\/sermones\/wp-json\/wp\/v2\/comments?post=37751"}],"version-history":[{"count":0,"href":"https:\/\/www.biblia.work\/sermones\/wp-json\/wp\/v2\/posts\/37751\/revisions"}],"wp:attachment":[{"href":"https:\/\/www.biblia.work\/sermones\/wp-json\/wp\/v2\/media?parent=37751"}],"wp:term":[{"taxonomy":"category","embeddable":true,"href":"https:\/\/www.biblia.work\/sermones\/wp-json\/wp\/v2\/categories?post=37751"},{"taxonomy":"post_tag","embeddable":true,"href":"https:\/\/www.biblia.work\/sermones\/wp-json\/wp\/v2\/tags?post=37751"}],"curies":[{"name":"wp","href":"https:\/\/api.w.org\/{rel}","templated":true}]}}