{"id":37752,"date":"2016-06-21T14:59:01","date_gmt":"2016-06-21T19:59:01","guid":{"rendered":"http:\/\/www.biblia.work\/sermones\/francisco-a-los-salesianos-cerca-de-los-jovenes-con-el-lenguaje-del-corazon\/"},"modified":"2016-06-21T14:59:01","modified_gmt":"2016-06-21T19:59:01","slug":"francisco-a-los-salesianos-cerca-de-los-jovenes-con-el-lenguaje-del-corazon","status":"publish","type":"post","link":"https:\/\/www.biblia.work\/sermones\/francisco-a-los-salesianos-cerca-de-los-jovenes-con-el-lenguaje-del-corazon\/","title":{"rendered":"Francisco a los Salesianos: cerca de los j\u00f3venes con el lenguaje del coraz\u00f3n"},"content":{"rendered":"<p align=\"justify\">Francisco a los Salesianos: cerca de los j\u00f3venes con el lenguaje del coraz\u00f3n<\/p>\n<p align=\"justify\">Ciudad del Vaticano, 31 marzo 2014 (VIS).- El Santo Padre ha encontrado esta ma\u00f1ana, en la Sala Clementina del Palacio Apost\u00f3lico Vaticano, a los participantes en el Cap\u00edtulo General de la Sociedad Salesiana de San Juan Bosco, que lleva por lema \u201cTestigos de la radicalidad evang\u00e9lica\u201d. \u201cCuando se piensa en trabajar para el bien de las almas, se supera la tentaci\u00f3n de la mundanidad espiritual -ha dicho- no se buscan otras cosas, s\u00f3lo a Dios y su Reino. La templanza es, pues, parte de la proporci\u00f3n, contentarse, ser simples\u201d.<\/p>\n<p align=\"justify\">El Papa ha destacado el trabajo de los salesianos con los j\u00f3venes y les ha deseado que la experiencia de Don Bosco y de su \u201cSistema Preventivo\u201d les ayude en el compromiso de vivir con ellos. \u201cHay que preparar a los j\u00f3venes para trabajar en la sociedad seg\u00fan el esp\u00edritu del Evangelio, como art\u00edfices de justicia y de paz, y para vivir como protagonistas en la Iglesia&#8230; Que la presencia en medio de ellos -ha continuado- se distinga por la ternura que Don Bosco llam\u00f3 bondad, experimentando con nuevos lenguajes, pero sabiendo muy bien que el lenguaje del coraz\u00f3n es el lenguaje fundamental para acercarse a ellos y convertirse en sus amigos\u201d.<\/p>\n<p align=\"justify\">Antes de finalizar Francisco ha hablado de la dimensi\u00f3n vocacional y ha recordado que el pr\u00f3ximo a\u00f1o, que se dedicar\u00e1 a la vida consagrada, ser\u00e1 una ocasi\u00f3n propicia para presentar a los j\u00f3venes la belleza de la vocaci\u00f3n. Asimismo se ha alegrado de que no trabajen como individuos aislados sino en comunidad ya que \u201cla comunidad sostiene todo el apostolado\u201d y les ha animado a reavivar el carisma de su fundador del que se celebrar\u00e1 dentro de poco el bicentenario del nacimiento.<\/p>\n","protected":false},"excerpt":{"rendered":"<p>Francisco a los Salesianos: cerca de los j\u00f3venes con el lenguaje del coraz\u00f3n Ciudad del Vaticano, 31 marzo 2014 (VIS).- El Santo Padre ha encontrado esta ma\u00f1ana, en la Sala Clementina del Palacio Apost\u00f3lico Vaticano, a los participantes en el Cap\u00edtulo General de la Sociedad Salesiana de San Juan Bosco, que lleva por lema \u201cTestigos &hellip; <a href=\"https:\/\/www.biblia.work\/sermones\/francisco-a-los-salesianos-cerca-de-los-jovenes-con-el-lenguaje-del-corazon\/\" class=\"more-link\">Continuar leyendo<span class=\"screen-reader-text\"> \u00abFrancisco a los Salesianos: cerca de los j\u00f3venes con el lenguaje del coraz\u00f3n\u00bb<\/span><\/a><\/p>\n","protected":false},"author":1,"featured_media":0,"comment_status":"open","ping_status":"closed","sticky":false,"template":"","format":"standard","meta":{"footnotes":""},"categories":[1],"tags":[],"class_list":["post-37752","post","type-post","status-publish","format-standard","hentry","category-general"],"_links":{"self":[{"href":"https:\/\/www.biblia.work\/sermones\/wp-json\/wp\/v2\/posts\/37752","targetHints":{"allow":["GET"]}}],"collection":[{"href":"https:\/\/www.biblia.work\/sermones\/wp-json\/wp\/v2\/posts"}],"about":[{"href":"https:\/\/www.biblia.work\/sermones\/wp-json\/wp\/v2\/types\/post"}],"author":[{"embeddable":true,"href":"https:\/\/www.biblia.work\/sermones\/wp-json\/wp\/v2\/users\/1"}],"replies":[{"embeddable":true,"href":"https:\/\/www.biblia.work\/sermones\/wp-json\/wp\/v2\/comments?post=37752"}],"version-history":[{"count":0,"href":"https:\/\/www.biblia.work\/sermones\/wp-json\/wp\/v2\/posts\/37752\/revisions"}],"wp:attachment":[{"href":"https:\/\/www.biblia.work\/sermones\/wp-json\/wp\/v2\/media?parent=37752"}],"wp:term":[{"taxonomy":"category","embeddable":true,"href":"https:\/\/www.biblia.work\/sermones\/wp-json\/wp\/v2\/categories?post=37752"},{"taxonomy":"post_tag","embeddable":true,"href":"https:\/\/www.biblia.work\/sermones\/wp-json\/wp\/v2\/tags?post=37752"}],"curies":[{"name":"wp","href":"https:\/\/api.w.org\/{rel}","templated":true}]}}