{"id":37753,"date":"2016-06-21T14:59:05","date_gmt":"2016-06-21T19:59:05","guid":{"rendered":"http:\/\/www.biblia.work\/sermones\/preparando-la-canonizacion-de-juan-xxiii-y-juan-pablo-ii\/"},"modified":"2016-06-21T14:59:05","modified_gmt":"2016-06-21T19:59:05","slug":"preparando-la-canonizacion-de-juan-xxiii-y-juan-pablo-ii","status":"publish","type":"post","link":"https:\/\/www.biblia.work\/sermones\/preparando-la-canonizacion-de-juan-xxiii-y-juan-pablo-ii\/","title":{"rendered":"Preparando la canonizaci\u00f3n de Juan XXIII y Juan Pablo II"},"content":{"rendered":"<p align=\"justify\">Preparando la canonizaci\u00f3n de Juan XXIII y Juan Pablo II<\/p>\n<p align=\"justify\">Ciudad del Vaticano, 31 marzo 2014 (VIS).-El cardenal Agostino Vallini, vicario del Papa para la di\u00f3cesis de Roma junto con monse\u00f1or Giulio Dellavite, Secretario General de la Curia de Bergamo, monse\u00f1or Walter Insero,responsable de la Oficina de las Comunicaciones Sociales del Vicariato de Roma y el padre Federico Lombardi, S.I., director de la Oficina de Prensa de la Santa Sede han presentado esta ma\u00f1ana una serie de iniciativas que se insertan en el camino de preparaci\u00f3n de la canonizaci\u00f3n de los beatos Juan XXIII y Juan Pablo II que se celebrar\u00e1 el domingo 27 de abril.<\/p>\n<p align=\"justify\">Entre las iniciativas est\u00e1 una plataforma digital cuyo objetivo es ofrecer a los fieles y peregrinos las noticias e informaciones relativas a las ceremonias as\u00ed como una serie de reflexiones espirituales sobre la vida y la ense\u00f1anza de ambos papas. As\u00ed, el sitio oficial www.2papisanti.org, es un portal -a punto de completarse- que cuenta con contactos, sectores para las oficinas de prensa, informaciones, v\u00eddeos e im\u00e1genes as\u00ed como documentaci\u00f3n biogr\u00e1fica sobre Juan XXIII y Juan Pablo II. Estar\u00e1 disponible en cinco idiomas: italiano, ingl\u00e9s, franc\u00e9s, espa\u00f1ol y polaco.<\/p>\n<p align=\"justify\">La aplicaci\u00f3n titulada \u201cSanto Subito\u201d, que se podr\u00e1 descargar gratuitamente tanto en formato Android como IOS ( en italiano, ingl\u00e9s, espa\u00f1ol y polaco), se centra en la fama de santidad que rode\u00f3, ya en vida, a ambos papas y dar\u00e1 tambi\u00e9n informaciones log\u00edsticas, as\u00ed como la posibilidad de acceder a las noticias principales sobre la canonizaci\u00f3n y de descargar el material previsto para los diversos acontecimientos lit\u00fargicos.<\/p>\n<p align=\"justify\">Entre los medios que ya funcionan se encuentran:<\/p>\n<p align=\"justify\">P\u00e1gina oficial de la postulaci\u00f3n con contenidos en cinco idiomas:<\/p>\n<p align=\"justify\">https:\/\/www.facebook.com\/PapaGiovanniPaoloII<\/p>\n<p align=\"justify\">P\u00e1gina oficial perfil Twitter con contenidos en cinco idiomas:<\/p>\n<p align=\"justify\">https:\/\/twitter.com\/santowojtyla<\/p>\n<p align=\"justify\">Canal YouTube de la Postulaci\u00f3n:<\/p>\n<p align=\"justify\">https:\/\/www.youtube.com\/user\/adminkarol<\/p>\n<p align=\"justify\">Portal: www.karol-wojtyla.org<\/p>\n<p align=\"justify\">Este \u00faltimo, promovido en 2011 por la Postulaci\u00f3n para la beatificaci\u00f3n de Karol Wojtyla ilustra detalladamente las etapas del proceso can\u00f3nico que han llevado al reconocimiento de la santidad de Juan Pablo II y est\u00e1 disponible en diversas lenguas: italiano, ingl\u00e9s, franc\u00e9s, espa\u00f1ol, portugu\u00e9s, polaco y rumano.<\/p>\n<p align=\"justify\">En paralelo, el Proyecto #2popesaints, realizado en colaboraci\u00f3n con los estudiantes de Ciencias de la Comunicaci\u00f3n de la universidad romana LUMSA, involucra una serie de redes para dar a conocer a los j\u00f3venes la vida, la ense\u00f1anza y el testimonio de fe de los dos nuevos santos. En Facebook habr\u00e1 una p\u00e1gina titulada: 2popesaints ; en Twitter el account: @2popesaints. ; en Instagram #2popesaints ; y en YouTube 2popesaints. En todas, a partir del 6 de abril hasta la canonizaci\u00f3n, se propondr\u00e1 cada d\u00eda un tema relativo a ambos papas en los medios de comunicaci\u00f3n; adem\u00e1s cada acontecimiento se ver\u00e1 en directo en cada una de las redes.<\/p>\n<p align=\"justify\">En Google + se ofrecer\u00e1 la posibilidad de seguir en \u201changout\u201d los briefings diarios de la semana anterior a la canonizaci\u00f3n. Tambi\u00e9n se crear\u00e1 un QR code para entrar con rapidez en el sitio 2popesaints.org. La iniciativa \u201cRome connecting to the world\u201d, un hermanamiento entre los fieles llegados a Roma y los j\u00f3venes romanos, har\u00e1 posible conocer los lugares m\u00e1s significativos de Roma unidos a la historia de Juan XXIII y Juan Pablo II, facilitando informaciones sobre la p\u00e1gina de Facebook.<\/p>\n<p align=\"justify\">Por otra parte, en la di\u00f3cesis de Roma, el 22 de abril en la bas\u00edlica de San Juan de Letr\u00e1n, el cardenal Agostino Vallini presidir\u00e1 un encuentro destinado a los j\u00f3venes con los postuladores de las causas de ambos papas: Mons. Slavomir Oder (Juan Pablo II) y el padre Giovangiuseppe Califano (Juan XXIII). El 26 de abril, a partir de las 21, habr\u00e1 una \u201cNoche blanca de oraci\u00f3n\u201d y las iglesias del centro de Roma estar\u00e1n abiertas para rezar y confesarse en diversos idiomas.<\/p>\n<p align=\"justify\">Asimismo, la di\u00f3cesis de B\u00e9rgamo, rinde homenaje a Juan XXIII, con \u201cLas Obras signo\u201d, una serie de actividades dedicadas a la caridad, la promoci\u00f3n humana y la solidaridad que repercutan en la vida diaria. Entre ellas, un proyecto de ayuda a Hait\u00ed para garantizar tres a\u00f1os de escolarizaci\u00f3n en la escuela Juan XXIII; la invitaci\u00f3n a los sacerdotes a contribuir con un mes de su sueldo y el importe de la colecta del 27 de abril a un fondo de ayuda para las familias en dificultad o la conmemoraci\u00f3n, el 12 de abril, de la publicaci\u00f3n de la enc\u00edclica \u201cPacem in Terris\u201d a la que est\u00e1n invitados los embajadores de los pa\u00edses en que el entonces nuncio Angelo Roncalli desempe\u00f1\u00f3 su misi\u00f3n diplom\u00e1tica (Bulgaria, Turqu\u00eda, Grecia y Francia) y cuya presentaci\u00f3n correr\u00e1 a cargo de Jacques Delors, ex Presidente de la Comisi\u00f3n Europea.<\/p>\n<p align=\"justify\">&nbsp;<\/p>\n","protected":false},"excerpt":{"rendered":"<p>Preparando la canonizaci\u00f3n de Juan XXIII y Juan Pablo II Ciudad del Vaticano, 31 marzo 2014 (VIS).-El cardenal Agostino Vallini, vicario del Papa para la di\u00f3cesis de Roma junto con monse\u00f1or Giulio Dellavite, Secretario General de la Curia de Bergamo, monse\u00f1or Walter Insero,responsable de la Oficina de las Comunicaciones Sociales del Vicariato de Roma y &hellip; <a href=\"https:\/\/www.biblia.work\/sermones\/preparando-la-canonizacion-de-juan-xxiii-y-juan-pablo-ii\/\" class=\"more-link\">Continuar leyendo<span class=\"screen-reader-text\"> \u00abPreparando la canonizaci\u00f3n de Juan XXIII y Juan Pablo II\u00bb<\/span><\/a><\/p>\n","protected":false},"author":1,"featured_media":0,"comment_status":"open","ping_status":"closed","sticky":false,"template":"","format":"standard","meta":{"footnotes":""},"categories":[1],"tags":[],"class_list":["post-37753","post","type-post","status-publish","format-standard","hentry","category-general"],"_links":{"self":[{"href":"https:\/\/www.biblia.work\/sermones\/wp-json\/wp\/v2\/posts\/37753","targetHints":{"allow":["GET"]}}],"collection":[{"href":"https:\/\/www.biblia.work\/sermones\/wp-json\/wp\/v2\/posts"}],"about":[{"href":"https:\/\/www.biblia.work\/sermones\/wp-json\/wp\/v2\/types\/post"}],"author":[{"embeddable":true,"href":"https:\/\/www.biblia.work\/sermones\/wp-json\/wp\/v2\/users\/1"}],"replies":[{"embeddable":true,"href":"https:\/\/www.biblia.work\/sermones\/wp-json\/wp\/v2\/comments?post=37753"}],"version-history":[{"count":0,"href":"https:\/\/www.biblia.work\/sermones\/wp-json\/wp\/v2\/posts\/37753\/revisions"}],"wp:attachment":[{"href":"https:\/\/www.biblia.work\/sermones\/wp-json\/wp\/v2\/media?parent=37753"}],"wp:term":[{"taxonomy":"category","embeddable":true,"href":"https:\/\/www.biblia.work\/sermones\/wp-json\/wp\/v2\/categories?post=37753"},{"taxonomy":"post_tag","embeddable":true,"href":"https:\/\/www.biblia.work\/sermones\/wp-json\/wp\/v2\/tags?post=37753"}],"curies":[{"name":"wp","href":"https:\/\/api.w.org\/{rel}","templated":true}]}}