{"id":37754,"date":"2016-06-21T14:59:09","date_gmt":"2016-06-21T19:59:09","guid":{"rendered":"http:\/\/www.biblia.work\/sermones\/intencion-misionera-del-papa-para-el-mes-de-abril-esperanza-para-quien-sufre\/"},"modified":"2016-06-21T14:59:09","modified_gmt":"2016-06-21T19:59:09","slug":"intencion-misionera-del-papa-para-el-mes-de-abril-esperanza-para-quien-sufre","status":"publish","type":"post","link":"https:\/\/www.biblia.work\/sermones\/intencion-misionera-del-papa-para-el-mes-de-abril-esperanza-para-quien-sufre\/","title":{"rendered":"Intenci\u00f3n misionera del Papa para el mes de abril: esperanza para quien sufre"},"content":{"rendered":"<p align=\"justify\">OMPRESS-MADRID (31-3-14) Para que el Se\u00f1or Resucitado llene de esperanza el coraz\u00f3n de quienes sufren el dolor y la enfermedad, es la intenci\u00f3n por la evangelizaci\u00f3n o intenci\u00f3n misionera que propone el Santo Padre para este mes de abril. Precisamente este s\u00e1bado, el Papa Francisco se dirig\u00eda a organizaciones de ciegos y sordomudos de Italia, para hablarles de lo que significa para quien sufre encontrarse con Jes\u00fas:<\/p>\n<p align=\"justify\">\u201cPensemos en tantos con los que Jes\u00fas ha querido encontrarse, sobre todo personas marcadas por la enfermedad y la discapacidad, para curarlas y restituirles su plena dignidad. Es muy importante el que precisamente estas personas se convierten en testigos de una nueva actitud, que podemos llamar cultura del encuentro. Ejemplo t\u00edpico es la figura del ciego de nacimiento, que se nos presentar\u00e1 ma\u00f1ana en el Evangelio de la Misa (Juan 9, 1-41).<\/p>\n<p align=\"justify\">Aquel hombre era ciego de nacimiento y era un marginado en nombre de una falsa concepci\u00f3n que lo consideraba golpeado por un castigo divino. Jes\u00fas rechaza radicalmente esta forma de pensar &#8211; \u00a1que es una forma verdaderamente blasfema! \u2013 y cumple para el ciego \u2018la obra de Dios\u2019, d\u00e1ndole la vista. Pero lo notable es que este hombre, a partir de lo que le ha sucedido, se convierte en testigo de Jes\u00fas y de su obra, que es la obra de Dios, de la vida, del amor, de la misericordia. Mientras los jefes de los fariseos, desde lo alto de sus seguridades, le juzgan tanto a \u00e9l como a Jes\u00fas como \u2018pecadores\u2019, el ciego curado, con una simplicidad que desarma, defiende a Jes\u00fas y, al final, profesa la fe en \u00c9l, y comparte tambi\u00e9n su suerte: Jes\u00fas es excluido, y tambi\u00e9n \u00e9l es excluido. Pero, en realidad, aquel hombre ha entrado a formar parte de la nueva comunidad, basada en la fe en Jes\u00fas y en el amor fraterno.<\/p>\n<p align=\"justify\">He aqu\u00ed dos culturas opuestas. La cultura del encuentro y la cultura de la exclusi\u00f3n, la cultura del prejuicio, porque se prejuzga y se excluye. La persona enferma o discapacitada, precisamente a partir de su fragilidad, de sus l\u00edmites, puede convertirse en testigo del encuentro: el encuentro con Jes\u00fas, que abre a la vida y a la fe, y el encuentro con los dem\u00e1s, con la comunidad. En efecto, s\u00f3lo quien reconoce la propia fragilidad, el propio l\u00edmite puede construir relaciones fraternas y solidarias, en la Iglesia y en la sociedad. (\u2026). Dejaos encontrar por Jes\u00fas: s\u00f3lo \u00c9l conoce de verdad el coraz\u00f3n humano, s\u00f3lo \u00c9l puede liberarlo de la cerraz\u00f3n y del pesimismo est\u00e9ril y abrirlo a la vida y a la esperanza\u201d.<\/p>\n<p align=\"justify\">&nbsp;<\/p>\n","protected":false},"excerpt":{"rendered":"<p>OMPRESS-MADRID (31-3-14) Para que el Se\u00f1or Resucitado llene de esperanza el coraz\u00f3n de quienes sufren el dolor y la enfermedad, es la intenci\u00f3n por la evangelizaci\u00f3n o intenci\u00f3n misionera que propone el Santo Padre para este mes de abril. Precisamente este s\u00e1bado, el Papa Francisco se dirig\u00eda a organizaciones de ciegos y sordomudos de Italia, &hellip; <a href=\"https:\/\/www.biblia.work\/sermones\/intencion-misionera-del-papa-para-el-mes-de-abril-esperanza-para-quien-sufre\/\" class=\"more-link\">Continuar leyendo<span class=\"screen-reader-text\"> \u00abIntenci\u00f3n misionera del Papa para el mes de abril: esperanza para quien sufre\u00bb<\/span><\/a><\/p>\n","protected":false},"author":1,"featured_media":0,"comment_status":"open","ping_status":"closed","sticky":false,"template":"","format":"standard","meta":{"footnotes":""},"categories":[1],"tags":[],"class_list":["post-37754","post","type-post","status-publish","format-standard","hentry","category-general"],"_links":{"self":[{"href":"https:\/\/www.biblia.work\/sermones\/wp-json\/wp\/v2\/posts\/37754","targetHints":{"allow":["GET"]}}],"collection":[{"href":"https:\/\/www.biblia.work\/sermones\/wp-json\/wp\/v2\/posts"}],"about":[{"href":"https:\/\/www.biblia.work\/sermones\/wp-json\/wp\/v2\/types\/post"}],"author":[{"embeddable":true,"href":"https:\/\/www.biblia.work\/sermones\/wp-json\/wp\/v2\/users\/1"}],"replies":[{"embeddable":true,"href":"https:\/\/www.biblia.work\/sermones\/wp-json\/wp\/v2\/comments?post=37754"}],"version-history":[{"count":0,"href":"https:\/\/www.biblia.work\/sermones\/wp-json\/wp\/v2\/posts\/37754\/revisions"}],"wp:attachment":[{"href":"https:\/\/www.biblia.work\/sermones\/wp-json\/wp\/v2\/media?parent=37754"}],"wp:term":[{"taxonomy":"category","embeddable":true,"href":"https:\/\/www.biblia.work\/sermones\/wp-json\/wp\/v2\/categories?post=37754"},{"taxonomy":"post_tag","embeddable":true,"href":"https:\/\/www.biblia.work\/sermones\/wp-json\/wp\/v2\/tags?post=37754"}],"curies":[{"name":"wp","href":"https:\/\/api.w.org\/{rel}","templated":true}]}}