{"id":37756,"date":"2016-06-21T14:59:23","date_gmt":"2016-06-21T19:59:23","guid":{"rendered":"http:\/\/www.biblia.work\/sermones\/el-papa-francisco-hablo-de-la-confesion-a-los-participantes-del-foro-de-la-penitenciaria-apostolica\/"},"modified":"2016-06-21T14:59:23","modified_gmt":"2016-06-21T19:59:23","slug":"el-papa-francisco-hablo-de-la-confesion-a-los-participantes-del-foro-de-la-penitenciaria-apostolica","status":"publish","type":"post","link":"https:\/\/www.biblia.work\/sermones\/el-papa-francisco-hablo-de-la-confesion-a-los-participantes-del-foro-de-la-penitenciaria-apostolica\/","title":{"rendered":"El Papa Francisco habl\u00f3 de la confesi\u00f3n a los participantes del foro de la Penitenciar\u00eda Apost\u00f3lica"},"content":{"rendered":"<p align=\"justify\"><b>El Papa Francisco habl\u00f3 de la confesi\u00f3n a los participantes del foro de la Penitenciar\u00eda Apost\u00f3lica<\/b><\/p>\n<p align=\"justify\">El Papa Francisco recibi\u00f3 a los participantes del curso anual del foro interno de la Penitenciar\u00eda Apost\u00f3lica<\/p>\n<p align=\"justify\">La confesi\u00f3n no es un tribunal de condena, sino una experiencia de amor y misericordia<\/p>\n<p align=\"justify\">El <b>Papa Francisco<\/b> recibi\u00f3 en la ma\u00f1ana del viernes 28 de marzo en el Aula de las Bendiciones a seiscientos <b>participantes en el curso anual del foro interno de la Penitenciar\u00eda Apost\u00f3lica<\/b>. Desde hace un cuarto de siglo ese dicasterio ofrece, sobre todo <b>a los sacerdotes reci\u00e9n ordenados y a los di\u00e1conos<\/b>, ese curso para contribuir a <b>la formaci\u00f3n de buenos confesores<\/b>.<\/p>\n<p align=\"justify\">En su discurso el Santo Padre ha invitado a los presentes a <b>atesorar la experiencia adquirida para ayudar cada vez m\u00e1s a la Iglesia y a los confesores a desempe\u00f1ar<\/b> \u201cel ministerio de la misericordia, que es tan importante\u201d y ha reflexionado con ellos sobre tres puntos claves de la confesi\u00f3n.<\/p>\n<p align=\"justify\">\u201cEn primer lugar -ha dicho- el protagonista del ministerio de la reconciliaci\u00f3n es el Esp\u00edritu Santo. El perd\u00f3n que el sacramento confiere es la vida nueva transmitida por el Se\u00f1or Resucitado a trav\u00e9s de su Esp\u00edritu&#8230;Por lo tanto, est\u00e1is llamados a ser siempre \u201chombres del Esp\u00edritu Santo, testigos y anunciadores, alegres y fuertes, de la resurrecci\u00f3n del Se\u00f1or\u201d. El Obispo de Roma les ha invitado a acoger a los penitentes \u201cno con la actitud de un juez y tampoco con la de un simple amigo, sino con la caridad de Dios&#8230; El coraz\u00f3n del sacerdote es un coraz\u00f3n que se conmueve&#8230;Si es verdad que la tradici\u00f3n indica el papel doble de m\u00e9dico y de juez de los confesores, no hay que olvidar que c\u00f3mo m\u00e9dico est\u00e1 llamado a curar y como juez a absolver\u201d.<\/p>\n<p align=\"justify\">\u201cSi la Reconciliaci\u00f3n transmite la vida nueva del Resucitado y renueva la gracia bautismal -ha explicado abordando el segundo aspecto- vuestra tarea es entonces la de darla generosamente a los fieles. Un sacerdote que no se dedica a esta parte de su ministerio&#8230; es como un pastor que no se preocupa por las ovejas que se han perdido&#8230;\u00a1La misericordia es el coraz\u00f3n del Evangelio\u00a1 Es la buena nueva de que Dios nos ama, de que ama siempre al pecador y con este amor lo atrae hacia s\u00ed y lo invita a la conversi\u00f3n. No olvidemos que, a menudo, a los fieles les cuesta trabajo confesarse, sea por motivos pr\u00e1cticos, sea por la dificultad natural de confesar a otro hombre los pecados propios. Por eso es necesario trabajar sobre nosotros mismos, sobre nuestra humanidad, para que no representemos nunca un obst\u00e1culo sino para que favorezcamos siempre el acercamiento a la misericordia y al perd\u00f3n.. \u00a1La confesi\u00f3n no es un tribunal de condena, sino una experiencia de perd\u00f3n y misericordia!\u201d.<\/p>\n<p align=\"justify\">Por \u00faltimo, Francisco, se ha referido a las dificultades que, con frecuencia, encuentra la confesi\u00f3n. \u201cLas razones son tantas, sea hist\u00f3ricas como espirituales. Sin embargo, sabemos que el Se\u00f1or quiso regalar este don inmenso a su Iglesia, ofreciendo a los bautizados la seguridad del perd\u00f3n del Padre. Por eso es muy importante que en todas las di\u00f3cesis y comunidades parroquiales se preste mucha atenci\u00f3n a la celebraci\u00f3n de este sacramento de perd\u00f3n y salvaci\u00f3n. Es importante que en todas las parroquias los fieles sepan cuando pueden encontrar disponibles a los sacerdotes: cuando hay fidelidad, se ven los frutos\u201d.<\/p>\n<p align=\"justify\">Ciudad del Vaticano, 28 marzo 2014 (VIS).-<\/p>\n","protected":false},"excerpt":{"rendered":"<p>El Papa Francisco habl\u00f3 de la confesi\u00f3n a los participantes del foro de la Penitenciar\u00eda Apost\u00f3lica El Papa Francisco recibi\u00f3 a los participantes del curso anual del foro interno de la Penitenciar\u00eda Apost\u00f3lica La confesi\u00f3n no es un tribunal de condena, sino una experiencia de amor y misericordia El Papa Francisco recibi\u00f3 en la ma\u00f1ana &hellip; <a href=\"https:\/\/www.biblia.work\/sermones\/el-papa-francisco-hablo-de-la-confesion-a-los-participantes-del-foro-de-la-penitenciaria-apostolica\/\" class=\"more-link\">Continuar leyendo<span class=\"screen-reader-text\"> \u00abEl Papa Francisco habl\u00f3 de la confesi\u00f3n a los participantes del foro de la Penitenciar\u00eda Apost\u00f3lica\u00bb<\/span><\/a><\/p>\n","protected":false},"author":1,"featured_media":0,"comment_status":"open","ping_status":"closed","sticky":false,"template":"","format":"standard","meta":{"footnotes":""},"categories":[1],"tags":[],"class_list":["post-37756","post","type-post","status-publish","format-standard","hentry","category-general"],"_links":{"self":[{"href":"https:\/\/www.biblia.work\/sermones\/wp-json\/wp\/v2\/posts\/37756","targetHints":{"allow":["GET"]}}],"collection":[{"href":"https:\/\/www.biblia.work\/sermones\/wp-json\/wp\/v2\/posts"}],"about":[{"href":"https:\/\/www.biblia.work\/sermones\/wp-json\/wp\/v2\/types\/post"}],"author":[{"embeddable":true,"href":"https:\/\/www.biblia.work\/sermones\/wp-json\/wp\/v2\/users\/1"}],"replies":[{"embeddable":true,"href":"https:\/\/www.biblia.work\/sermones\/wp-json\/wp\/v2\/comments?post=37756"}],"version-history":[{"count":0,"href":"https:\/\/www.biblia.work\/sermones\/wp-json\/wp\/v2\/posts\/37756\/revisions"}],"wp:attachment":[{"href":"https:\/\/www.biblia.work\/sermones\/wp-json\/wp\/v2\/media?parent=37756"}],"wp:term":[{"taxonomy":"category","embeddable":true,"href":"https:\/\/www.biblia.work\/sermones\/wp-json\/wp\/v2\/categories?post=37756"},{"taxonomy":"post_tag","embeddable":true,"href":"https:\/\/www.biblia.work\/sermones\/wp-json\/wp\/v2\/tags?post=37756"}],"curies":[{"name":"wp","href":"https:\/\/api.w.org\/{rel}","templated":true}]}}