{"id":37758,"date":"2016-06-21T14:59:32","date_gmt":"2016-06-21T19:59:32","guid":{"rendered":"http:\/\/www.biblia.work\/sermones\/monsenor-vicente-jimenez-nombrado-miembro-de-la-congregacion-vaticana-para-los-institutos-de-vida-consagrada\/"},"modified":"2016-06-21T14:59:32","modified_gmt":"2016-06-21T19:59:32","slug":"monsenor-vicente-jimenez-nombrado-miembro-de-la-congregacion-vaticana-para-los-institutos-de-vida-consagrada","status":"publish","type":"post","link":"https:\/\/www.biblia.work\/sermones\/monsenor-vicente-jimenez-nombrado-miembro-de-la-congregacion-vaticana-para-los-institutos-de-vida-consagrada\/","title":{"rendered":"Monse\u00f1or Vicente Jim\u00e9nez, nombrado miembro de la Congregaci\u00f3n Vaticana para los Institutos de Vida Consagrada"},"content":{"rendered":"<p align=\"justify\">\u00a0Monse\u00f1or Vicente Jim\u00e9nez, nombrado miembro de la Congregaci\u00f3n Vaticana para los Institutos de Vida Consagrada y Sociedades de Vida Apost\u00f3lica<\/p>\n<p align=\"justify\">Su designaci\u00f3n es compatible con su cargo de Obispo de Santander, Di\u00f3cesis de la que seguir\u00e1 al frente\u00a0<\/p>\n<p align=\"justify\">El papa Francisco ha nombrado al obispo de Santander, monse\u00f1or Vicente Jim\u00e9nez Zamora, miembro de la Congregaci\u00f3n vaticana para los Institutos de Vida Consagrada y las Sociedades de Vida Apost\u00f3lica.<\/p>\n<h3><strong>Asimismo, el Santo Padre ha confirmado en el cargo de Prefecto de esta Congregaci\u00f3n de la Curia romana al cardenal brasile\u00f1o,<\/strong> Jo\u00e2o Braz de Aviz.<\/h3>\n<p align=\"justify\">Igualmente, han sido designados para esta citada Congregaci\u00f3n para los Institutos de Vida Consagrada, el Arzobispo Secretario, \u00a0Mons. Jos\u00e9 Rodr\u00edguez Carballo OFM (Franciscano), as\u00ed como varios cardenales y obispos y tambi\u00e9n varios Superiores Mayores de \u00d3rdenes y de Congregaciones Religiosas.<\/p>\n<p align=\"justify\">El nombramiento para este nuevo cargo de Mons. Vicente Jim\u00e9nez Zamora, es compatible con el oficio de Obispo de la Di\u00f3cesis de Santander, de la que seguir\u00e1 al frente.<\/p>\n<p align=\"justify\">Asimismo, Mons. Jim\u00e9nez continuar\u00e1 presidiendo, en la Conferencia Episcopal Espa\u00f1ola (CEE), la tambi\u00e9n Comisi\u00f3n para la Vida Consagrada y Sociedades de Vida Apost\u00f3lica.<\/p>\n<p align=\"justify\">Como es sabido, el obispo de Santander fue reelegido para este cargo el pasado d\u00eda 13 de marzo en el transcurso de la 103 Asamblea Plenaria que la CEE celebr\u00f3 en Madrid.<\/p>\n<p align=\"justify\">Con este nombramiento, Mons. Jim\u00e9nez prolongaba un nuevo per\u00edodo de tres a\u00f1os al frente de esta Comisi\u00f3n episcopal.<\/p>\n<p align=\"justify\">El cargo lleva impl\u00edcito, adem\u00e1s, formar tambi\u00e9n parte de la Comisi\u00f3n Permanente de la CEE, \u00f3rgano que cuida de la preparaci\u00f3n de las Asambleas Plenarias y de la ejecuci\u00f3n de las decisiones adoptadas en ellas.<\/p>\n<p align=\"justify\">El prelado resalt\u00f3 entonces su disposici\u00f3n a seguir trabajando \u201ccon \u00e1nimo\u201d en esta \u00e1rea porque \u201cesa ha sido, adem\u00e1s, la voluntad de mis hermanos obispos\u201d, precis\u00f3.<\/p>\n<p align=\"justify\">El cometido de la Comisi\u00f3n Episcopal de la Vida Consagrada de la CEE es el de tutelar esta forma de vida en el seno de la Iglesia a trav\u00e9s de sus diversas manifestaciones, como son los Institutos de vida consagrada, Sociedades de vida apost\u00f3lica, vida eremita, v\u00edrgenes consagradas, as\u00ed como las relativas a asociaciones, nuevas formas de vida consagrada, asociaciones de fieles erigidas con el fin de convertirse en Institutos de vida consagrada o Sociedades de vida apost\u00f3lica.<\/p>\n<p align=\"justify\">Asimismo, es competencia de esta Comisi\u00f3n organizar las anuales Jornadas Eclesiales de la Vida Consagrada (2 de febrero) y del d\u00eda Pro Orantibus (domingo de la Sant\u00edsima Trinidad). En su seno, se celebran reuniones peri\u00f3dicas con vicarios y delegados episcopales para la vida consagrada, as\u00ed como con superiores y superioras de comunidades mon\u00e1sticas.<\/p>\n<p align=\"justify\"><b>Otros obispo espa\u00f1oles<\/b><\/p>\n<p align=\"justify\">Por otro lado, el Papa Francisco tambi\u00e9n ha designado, entre otros m\u00e1s para formar parte de esta Congregaci\u00f3n vaticana para la Vida Consagrada, al reci\u00e9n elegido presidente de la Conferencia Episcopal Espa\u00f1ola, Mons. Ricardo Bl\u00e1zquez, y al Obispo de Tarazona, Mons. Eusebio Hern\u00e1ndez Sola.<\/p>\n","protected":false},"excerpt":{"rendered":"<p>\u00a0Monse\u00f1or Vicente Jim\u00e9nez, nombrado miembro de la Congregaci\u00f3n Vaticana para los Institutos de Vida Consagrada y Sociedades de Vida Apost\u00f3lica Su designaci\u00f3n es compatible con su cargo de Obispo de Santander, Di\u00f3cesis de la que seguir\u00e1 al frente\u00a0 El papa Francisco ha nombrado al obispo de Santander, monse\u00f1or Vicente Jim\u00e9nez Zamora, miembro de la Congregaci\u00f3n &hellip; <a href=\"https:\/\/www.biblia.work\/sermones\/monsenor-vicente-jimenez-nombrado-miembro-de-la-congregacion-vaticana-para-los-institutos-de-vida-consagrada\/\" class=\"more-link\">Continuar leyendo<span class=\"screen-reader-text\"> \u00abMonse\u00f1or Vicente Jim\u00e9nez, nombrado miembro de la Congregaci\u00f3n Vaticana para los Institutos de Vida Consagrada\u00bb<\/span><\/a><\/p>\n","protected":false},"author":1,"featured_media":0,"comment_status":"open","ping_status":"closed","sticky":false,"template":"","format":"standard","meta":{"footnotes":""},"categories":[1],"tags":[],"class_list":["post-37758","post","type-post","status-publish","format-standard","hentry","category-general"],"_links":{"self":[{"href":"https:\/\/www.biblia.work\/sermones\/wp-json\/wp\/v2\/posts\/37758","targetHints":{"allow":["GET"]}}],"collection":[{"href":"https:\/\/www.biblia.work\/sermones\/wp-json\/wp\/v2\/posts"}],"about":[{"href":"https:\/\/www.biblia.work\/sermones\/wp-json\/wp\/v2\/types\/post"}],"author":[{"embeddable":true,"href":"https:\/\/www.biblia.work\/sermones\/wp-json\/wp\/v2\/users\/1"}],"replies":[{"embeddable":true,"href":"https:\/\/www.biblia.work\/sermones\/wp-json\/wp\/v2\/comments?post=37758"}],"version-history":[{"count":0,"href":"https:\/\/www.biblia.work\/sermones\/wp-json\/wp\/v2\/posts\/37758\/revisions"}],"wp:attachment":[{"href":"https:\/\/www.biblia.work\/sermones\/wp-json\/wp\/v2\/media?parent=37758"}],"wp:term":[{"taxonomy":"category","embeddable":true,"href":"https:\/\/www.biblia.work\/sermones\/wp-json\/wp\/v2\/categories?post=37758"},{"taxonomy":"post_tag","embeddable":true,"href":"https:\/\/www.biblia.work\/sermones\/wp-json\/wp\/v2\/tags?post=37758"}],"curies":[{"name":"wp","href":"https:\/\/api.w.org\/{rel}","templated":true}]}}