{"id":37759,"date":"2016-06-21T14:59:36","date_gmt":"2016-06-21T19:59:36","guid":{"rendered":"http:\/\/www.biblia.work\/sermones\/la-confesion-del-papa-francisco\/"},"modified":"2016-06-21T14:59:36","modified_gmt":"2016-06-21T19:59:36","slug":"la-confesion-del-papa-francisco","status":"publish","type":"post","link":"https:\/\/www.biblia.work\/sermones\/la-confesion-del-papa-francisco\/","title":{"rendered":"La confesi\u00f3n del Papa Francisco"},"content":{"rendered":"<p align=\"justify\">Efe. El papa Francisco acudi\u00f3 hoy a uno de los confesionarios de la Bas\u00edlica de San Pedro del Vaticano para confesarse de rodillas durante el Rito de la Reconciliaci\u00f3n que ofici\u00f3 en el templo, previo al cuarto domingo de Cuaresma.<\/p>\n<p align=\"justify\">El Papa descendi\u00f3 del altar de la Bas\u00edlica, bajo el baldaquino barroco, y, tras quitarse la capa pluvial morada, s\u00edmbolo de preparaci\u00f3n cuaresmal, acudi\u00f3 a uno de los confesionarios de la nave central, ante el que se arrodill\u00f3.<\/p>\n<p align=\"justify\">El gesto del pont\u00edfice se produjo antes de proceder a escuchar a algunos fieles en confesi\u00f3n. Tras su confesi\u00f3n, el Papa afirm\u00f3 que la Confesi\u00f3n &#8220;no es un tribunal de condena sino una experiencia de perd\u00f3n y misericordia&#8221;, en un discurso dirigido a los participantes del Curso Anual promovido por la Penitenciar\u00eda Apost\u00f3lica que contribuye a la formaci\u00f3n de buenos confesores.<\/p>\n<p align=\"justify\">De esta forma, Francisco invit\u00f3 a los sacerdotes a alejarse del &#8220;rigorismo&#8221; y de la &#8220;laxitud&#8221; porque ninguno de estos dos extremos &#8220;se ocupan de la persona que se arrepiente&#8221;.<\/p>\n<p align=\"justify\">Durante la audiencia celebrada en el Aula de las Bendiciones del Palacio Apost\u00f3lico del Vaticano, reflexion\u00f3 sobre el sacramento del perd\u00f3n y sobre el papel del sacerdote confesor.<\/p>\n<p align=\"justify\">Adem\u00e1s, reconoci\u00f3 que las personas a veces sienten &#8220;fatiga&#8221; para llevar a cabo la confesi\u00f3n &#8220;sea por razones, pr\u00e1cticas, sea por la natural dificultad de confesarse ante otro hombre&#8221;.<\/p>\n<p align=\"justify\">Por ello, enfatiz\u00f3 la importancia de &#8220;trabajar mucho sobre la humanidad&#8221; para &#8220;no ser nunca un obst\u00e1culo&#8221; y favorecer siempre el acercamiento a la misericordia y el perd\u00f3n.<\/p>\n","protected":false},"excerpt":{"rendered":"<p>Efe. El papa Francisco acudi\u00f3 hoy a uno de los confesionarios de la Bas\u00edlica de San Pedro del Vaticano para confesarse de rodillas durante el Rito de la Reconciliaci\u00f3n que ofici\u00f3 en el templo, previo al cuarto domingo de Cuaresma. El Papa descendi\u00f3 del altar de la Bas\u00edlica, bajo el baldaquino barroco, y, tras quitarse &hellip; <a href=\"https:\/\/www.biblia.work\/sermones\/la-confesion-del-papa-francisco\/\" class=\"more-link\">Continuar leyendo<span class=\"screen-reader-text\"> \u00abLa confesi\u00f3n del Papa Francisco\u00bb<\/span><\/a><\/p>\n","protected":false},"author":1,"featured_media":0,"comment_status":"open","ping_status":"closed","sticky":false,"template":"","format":"standard","meta":{"footnotes":""},"categories":[1],"tags":[],"class_list":["post-37759","post","type-post","status-publish","format-standard","hentry","category-general"],"_links":{"self":[{"href":"https:\/\/www.biblia.work\/sermones\/wp-json\/wp\/v2\/posts\/37759","targetHints":{"allow":["GET"]}}],"collection":[{"href":"https:\/\/www.biblia.work\/sermones\/wp-json\/wp\/v2\/posts"}],"about":[{"href":"https:\/\/www.biblia.work\/sermones\/wp-json\/wp\/v2\/types\/post"}],"author":[{"embeddable":true,"href":"https:\/\/www.biblia.work\/sermones\/wp-json\/wp\/v2\/users\/1"}],"replies":[{"embeddable":true,"href":"https:\/\/www.biblia.work\/sermones\/wp-json\/wp\/v2\/comments?post=37759"}],"version-history":[{"count":0,"href":"https:\/\/www.biblia.work\/sermones\/wp-json\/wp\/v2\/posts\/37759\/revisions"}],"wp:attachment":[{"href":"https:\/\/www.biblia.work\/sermones\/wp-json\/wp\/v2\/media?parent=37759"}],"wp:term":[{"taxonomy":"category","embeddable":true,"href":"https:\/\/www.biblia.work\/sermones\/wp-json\/wp\/v2\/categories?post=37759"},{"taxonomy":"post_tag","embeddable":true,"href":"https:\/\/www.biblia.work\/sermones\/wp-json\/wp\/v2\/tags?post=37759"}],"curies":[{"name":"wp","href":"https:\/\/api.w.org\/{rel}","templated":true}]}}