{"id":37761,"date":"2016-06-21T14:59:50","date_gmt":"2016-06-21T19:59:50","guid":{"rendered":"http:\/\/www.biblia.work\/sermones\/el-papa-francisco-recibe-al-presidente-de-grecia-karolos-papoulias\/"},"modified":"2016-06-21T14:59:50","modified_gmt":"2016-06-21T19:59:50","slug":"el-papa-francisco-recibe-al-presidente-de-grecia-karolos-papoulias","status":"publish","type":"post","link":"https:\/\/www.biblia.work\/sermones\/el-papa-francisco-recibe-al-presidente-de-grecia-karolos-papoulias\/","title":{"rendered":"El Papa Francisco recibe al presidente de Grecia, Karolos Papoulias"},"content":{"rendered":"<p align=\"justify\"><b>El Papa Francisco recibe al presidente de Grecia, Karolos Papoulias<\/b><\/p>\n<p align=\"justify\">Esta ma\u00f1ana, en el Palacio Apost\u00f3lico Vaticano, el Santo Padre ha recibido en audiencia al Presidente de la Rep\u00fablica Hel\u00e9nica, Karolos Papoulias, que a continuaci\u00f3n se ha encontrado con el arzobispo Pietro Parolin, Secretario de Estado y con el arzobispo Dominique Mamberti, Secretario para las Relaciones con los Estados.<\/p>\n<p align=\"justify\">En el transcurso de los coloquios, desarrollados en un clima de cordialidad como expresi\u00f3n de las buenas relaciones existentes entre la Santa Sede y Grecia, se han tratado temas de inter\u00e9s com\u00fan como la situaci\u00f3n jur\u00eddica de las comunidades religiosas, el papel de la religi\u00f3n en la sociedad y la colaboraci\u00f3n ecum\u00e9nica.<\/p>\n<p align=\"justify\">M\u00e1s adelante, las conversaciones se han centrado en las consecuencias sociales de la crisis econ\u00f3mica mundial , as\u00ed como en la contribuci\u00f3n de Grecia a la Uni\u00f3n Europea. Por \u00faltimo, se ha expresado la preocupaci\u00f3n por el futuro de la presencia de los cristianos en Oriente Medio, por la inestabilidad pol\u00edtica y por las situaciones de conflicto que interesan a las diferentes regiones del mundo.<\/p>\n<p align=\"justify\">Ciudad del Vaticano, 28 marzo 2014 (VIS).-<\/p>\n","protected":false},"excerpt":{"rendered":"<p>El Papa Francisco recibe al presidente de Grecia, Karolos Papoulias Esta ma\u00f1ana, en el Palacio Apost\u00f3lico Vaticano, el Santo Padre ha recibido en audiencia al Presidente de la Rep\u00fablica Hel\u00e9nica, Karolos Papoulias, que a continuaci\u00f3n se ha encontrado con el arzobispo Pietro Parolin, Secretario de Estado y con el arzobispo Dominique Mamberti, Secretario para las &hellip; <a href=\"https:\/\/www.biblia.work\/sermones\/el-papa-francisco-recibe-al-presidente-de-grecia-karolos-papoulias\/\" class=\"more-link\">Continuar leyendo<span class=\"screen-reader-text\"> \u00abEl Papa Francisco recibe al presidente de Grecia, Karolos Papoulias\u00bb<\/span><\/a><\/p>\n","protected":false},"author":1,"featured_media":0,"comment_status":"open","ping_status":"closed","sticky":false,"template":"","format":"standard","meta":{"footnotes":""},"categories":[1],"tags":[],"class_list":["post-37761","post","type-post","status-publish","format-standard","hentry","category-general"],"_links":{"self":[{"href":"https:\/\/www.biblia.work\/sermones\/wp-json\/wp\/v2\/posts\/37761","targetHints":{"allow":["GET"]}}],"collection":[{"href":"https:\/\/www.biblia.work\/sermones\/wp-json\/wp\/v2\/posts"}],"about":[{"href":"https:\/\/www.biblia.work\/sermones\/wp-json\/wp\/v2\/types\/post"}],"author":[{"embeddable":true,"href":"https:\/\/www.biblia.work\/sermones\/wp-json\/wp\/v2\/users\/1"}],"replies":[{"embeddable":true,"href":"https:\/\/www.biblia.work\/sermones\/wp-json\/wp\/v2\/comments?post=37761"}],"version-history":[{"count":0,"href":"https:\/\/www.biblia.work\/sermones\/wp-json\/wp\/v2\/posts\/37761\/revisions"}],"wp:attachment":[{"href":"https:\/\/www.biblia.work\/sermones\/wp-json\/wp\/v2\/media?parent=37761"}],"wp:term":[{"taxonomy":"category","embeddable":true,"href":"https:\/\/www.biblia.work\/sermones\/wp-json\/wp\/v2\/categories?post=37761"},{"taxonomy":"post_tag","embeddable":true,"href":"https:\/\/www.biblia.work\/sermones\/wp-json\/wp\/v2\/tags?post=37761"}],"curies":[{"name":"wp","href":"https:\/\/api.w.org\/{rel}","templated":true}]}}