{"id":37762,"date":"2016-06-21T14:59:54","date_gmt":"2016-06-21T19:59:54","guid":{"rendered":"http:\/\/www.biblia.work\/sermones\/digitalizado-el-archivo-sonoro-de-radio-vaticana\/"},"modified":"2016-06-21T14:59:54","modified_gmt":"2016-06-21T19:59:54","slug":"digitalizado-el-archivo-sonoro-de-radio-vaticana","status":"publish","type":"post","link":"https:\/\/www.biblia.work\/sermones\/digitalizado-el-archivo-sonoro-de-radio-vaticana\/","title":{"rendered":"Digitalizado el archivo sonoro de Radio Vaticana"},"content":{"rendered":"<p align=\"justify\"><b>Digitalizado el archivo sonoro de Radio Vaticana<\/b><\/p>\n<p align=\"justify\">La voz de los papas: digitalizado el archivo de Radio Vaticano<\/p>\n<p align=\"justify\">El martes 1 de abril en la Sala Marconi de Radio Vaticano se presenta <b>\u201cLa voz de los Papas\u201d,<\/b> el <b>archivo digital de Radio Vaticano que recoge la voz de los pont\u00edfices<\/b> que se han sucedido en el solio de Pedro <b>desde 1931, a\u00f1o de nacimiento de la emisora pontificia, desde P\u00edo XI a Francisco<\/b>. Entre las tareas institucionales de Radio Vaticano est\u00e1n las de constituir, custodiar y administrar el archivo sonoro pontificio asegurando, en el caso de uso por parte de terceros, la salvaguardia de su car\u00e1cter pastoral y la tutela de los derechos de propiedad intelectual.<\/p>\n<p align=\"justify\">La digitalizaci\u00f3n del archivo -que se inserta en el acontecimiento de la canonizaci\u00f3n de los papas Juan XXIII y Juan Pablo II, el pr\u00f3ximo 27 de abril- garantizar\u00e1 la conservaci\u00f3n del material sonoro cuya integridad podr\u00eda ser puesta en peligro por el desgaste de los soportes de archivo y, al mismo tiempo, facilitar\u00e1 el archivo de informaciones sonoras y de texto (metadata), de forma m\u00e1s eficiente y racional. Gracias al nuevo soporte digital ser\u00e1 tambi\u00e9n posible el acceso a los contenidos por parte de periodistas y estudiosos.<\/p>\n<p align=\"justify\">\u201cLa direcci\u00f3n t\u00e9cnica de Radio Vaticano -se\u00f1ala el Padre Federico Lombardi, S.I., director de la emisora ha ultimado la digitalizaci\u00f3n del archivo sonoro pontificio que reproduce ocho mil cintas y soportes originales de la actividad de los papas desde la fundaci\u00f3n de la emisora\u201d.<\/p>\n<p align=\"justify\">En la conferencia de presentaci\u00f3n de \u201cLa voz de los Papas\u201d, intervendr\u00e1n, adem\u00e1s del Padre Lombardi, en calidad de moderador, el cardenal Giovanni Battista Re, prefecto em\u00e9rito de la Congregaci\u00f3n para los Obispos y presidente em\u00e9rito de la Pontificia Comisi\u00f3n para Am\u00e9rica Latina, el vaticanista Gianfranco Svidercoschi y Guido Gusso, ayudante de c\u00e1mara de Juan XXIII y decano de antec\u00e1mara de Juan Pablo II. La digitalizaci\u00f3n del archivo se ha realizado con la aportaci\u00f3n de Banca Intesa Russia y del Confartigianato Persone.<\/p>\n<p align=\"justify\">Ciudad del Vaticano, 27 marzo 2014 (VIS).-<\/p>\n","protected":false},"excerpt":{"rendered":"<p>Digitalizado el archivo sonoro de Radio Vaticana La voz de los papas: digitalizado el archivo de Radio Vaticano El martes 1 de abril en la Sala Marconi de Radio Vaticano se presenta \u201cLa voz de los Papas\u201d, el archivo digital de Radio Vaticano que recoge la voz de los pont\u00edfices que se han sucedido en &hellip; <a href=\"https:\/\/www.biblia.work\/sermones\/digitalizado-el-archivo-sonoro-de-radio-vaticana\/\" class=\"more-link\">Continuar leyendo<span class=\"screen-reader-text\"> \u00abDigitalizado el archivo sonoro de Radio Vaticana\u00bb<\/span><\/a><\/p>\n","protected":false},"author":1,"featured_media":0,"comment_status":"open","ping_status":"closed","sticky":false,"template":"","format":"standard","meta":{"footnotes":""},"categories":[1],"tags":[],"class_list":["post-37762","post","type-post","status-publish","format-standard","hentry","category-general"],"_links":{"self":[{"href":"https:\/\/www.biblia.work\/sermones\/wp-json\/wp\/v2\/posts\/37762","targetHints":{"allow":["GET"]}}],"collection":[{"href":"https:\/\/www.biblia.work\/sermones\/wp-json\/wp\/v2\/posts"}],"about":[{"href":"https:\/\/www.biblia.work\/sermones\/wp-json\/wp\/v2\/types\/post"}],"author":[{"embeddable":true,"href":"https:\/\/www.biblia.work\/sermones\/wp-json\/wp\/v2\/users\/1"}],"replies":[{"embeddable":true,"href":"https:\/\/www.biblia.work\/sermones\/wp-json\/wp\/v2\/comments?post=37762"}],"version-history":[{"count":0,"href":"https:\/\/www.biblia.work\/sermones\/wp-json\/wp\/v2\/posts\/37762\/revisions"}],"wp:attachment":[{"href":"https:\/\/www.biblia.work\/sermones\/wp-json\/wp\/v2\/media?parent=37762"}],"wp:term":[{"taxonomy":"category","embeddable":true,"href":"https:\/\/www.biblia.work\/sermones\/wp-json\/wp\/v2\/categories?post=37762"},{"taxonomy":"post_tag","embeddable":true,"href":"https:\/\/www.biblia.work\/sermones\/wp-json\/wp\/v2\/tags?post=37762"}],"curies":[{"name":"wp","href":"https:\/\/api.w.org\/{rel}","templated":true}]}}