{"id":37764,"date":"2016-06-21T15:00:04","date_gmt":"2016-06-21T20:00:04","guid":{"rendered":"http:\/\/www.biblia.work\/sermones\/la-virgen-maria-en-el-dialogo-islamico-cristiano\/"},"modified":"2016-06-21T15:00:04","modified_gmt":"2016-06-21T20:00:04","slug":"la-virgen-maria-en-el-dialogo-islamico-cristiano","status":"publish","type":"post","link":"https:\/\/www.biblia.work\/sermones\/la-virgen-maria-en-el-dialogo-islamico-cristiano\/","title":{"rendered":"La Virgen Mar\u00eda en el di\u00e1logo Isl\u00e1mico-Cristiano"},"content":{"rendered":"<p align=\"justify\">La Virgen Mar\u00eda en el di\u00e1logo Isl\u00e1mico-Cristiano<\/p>\n<p align=\"justify\">El Papa Francisco, a trav\u00e9s del cardenal Pietro Parolin, Secretario de Estado, envi\u00f3 ayer tarde un mensaje a los participantes en el <strong>VIII Encuentro de Oraci\u00f3n Isl\u00e1mico-Cristiana \u201cReunidos alrededor de Mar\u00eda, Nuestra Se\u00f1ora\u201d.<\/strong> El encuentro, que tiene lugar en Beirut (L\u00edbano) con motivo de la <strong>festividad de la Encarnaci\u00f3n<\/strong>, est\u00e1 organizado por la <strong>Asociaci\u00f3n de Antiguos Alumnos del Colegio de la Universidad de San Jos\u00e9 y de Nuestra Se\u00f1ora de Jamhour<\/strong>.<\/p>\n<p align=\"justify\">El Santo Padre manifiesta su alegr\u00eda al ver \u201ca <strong>cristianos y musulmanes unidos por la devoci\u00f3n a la Virgen Mar\u00eda<\/strong>\u201d y recuerda que \u201cel santuario de Nuestra Se\u00f1ora del L\u00edbano, en Harissa es un lugar bendito donde todos pueden venir a invocarla\u201d. Asimismo alienta \u201c a cristianos y musulmanes a trabajar unidos por la paz y el bien com\u00fan, contribuyendo as\u00ed al desarrollo integral de las personas y a la edificaci\u00f3n de la sociedad\u201d y conf\u00eda a los participantes en el encuentro y a \u201ctodos los habitantes del L\u00edbano a la intercesi\u00f3n maternal de la Virgen Mar\u00eda, Reina de la Paz y Protectora del L\u00edbano\u201d.<\/p>\n<p align=\"justify\">Ciudad del Vaticano, 26 marzo 2014 (VIS).-<\/p>\n","protected":false},"excerpt":{"rendered":"<p>La Virgen Mar\u00eda en el di\u00e1logo Isl\u00e1mico-Cristiano El Papa Francisco, a trav\u00e9s del cardenal Pietro Parolin, Secretario de Estado, envi\u00f3 ayer tarde un mensaje a los participantes en el VIII Encuentro de Oraci\u00f3n Isl\u00e1mico-Cristiana \u201cReunidos alrededor de Mar\u00eda, Nuestra Se\u00f1ora\u201d. El encuentro, que tiene lugar en Beirut (L\u00edbano) con motivo de la festividad de la &hellip; <a href=\"https:\/\/www.biblia.work\/sermones\/la-virgen-maria-en-el-dialogo-islamico-cristiano\/\" class=\"more-link\">Continuar leyendo<span class=\"screen-reader-text\"> \u00abLa Virgen Mar\u00eda en el di\u00e1logo Isl\u00e1mico-Cristiano\u00bb<\/span><\/a><\/p>\n","protected":false},"author":1,"featured_media":0,"comment_status":"open","ping_status":"closed","sticky":false,"template":"","format":"standard","meta":{"footnotes":""},"categories":[1],"tags":[],"class_list":["post-37764","post","type-post","status-publish","format-standard","hentry","category-general"],"_links":{"self":[{"href":"https:\/\/www.biblia.work\/sermones\/wp-json\/wp\/v2\/posts\/37764","targetHints":{"allow":["GET"]}}],"collection":[{"href":"https:\/\/www.biblia.work\/sermones\/wp-json\/wp\/v2\/posts"}],"about":[{"href":"https:\/\/www.biblia.work\/sermones\/wp-json\/wp\/v2\/types\/post"}],"author":[{"embeddable":true,"href":"https:\/\/www.biblia.work\/sermones\/wp-json\/wp\/v2\/users\/1"}],"replies":[{"embeddable":true,"href":"https:\/\/www.biblia.work\/sermones\/wp-json\/wp\/v2\/comments?post=37764"}],"version-history":[{"count":0,"href":"https:\/\/www.biblia.work\/sermones\/wp-json\/wp\/v2\/posts\/37764\/revisions"}],"wp:attachment":[{"href":"https:\/\/www.biblia.work\/sermones\/wp-json\/wp\/v2\/media?parent=37764"}],"wp:term":[{"taxonomy":"category","embeddable":true,"href":"https:\/\/www.biblia.work\/sermones\/wp-json\/wp\/v2\/categories?post=37764"},{"taxonomy":"post_tag","embeddable":true,"href":"https:\/\/www.biblia.work\/sermones\/wp-json\/wp\/v2\/tags?post=37764"}],"curies":[{"name":"wp","href":"https:\/\/api.w.org\/{rel}","templated":true}]}}