{"id":37765,"date":"2016-06-21T15:00:14","date_gmt":"2016-06-21T20:00:14","guid":{"rendered":"http:\/\/www.biblia.work\/sermones\/el-papa-recibe-al-presidente-obama\/"},"modified":"2016-06-21T15:00:14","modified_gmt":"2016-06-21T20:00:14","slug":"el-papa-recibe-al-presidente-obama","status":"publish","type":"post","link":"https:\/\/www.biblia.work\/sermones\/el-papa-recibe-al-presidente-obama\/","title":{"rendered":"El Papa recibe al presidente Obama"},"content":{"rendered":"<p align=\"justify\"><b>El Papa recibe al presidente Obama <\/b><\/p>\n<p align=\"justify\"><b>\u00a0El Papa recibe al presidente Obama: respeto del derecho humanitario e internacional en las zonas de conflictos<\/b><\/p>\n<p align=\"justify\">Barack H. Obama, Presidente de los Estados Unidos de Am\u00e9rica, ha sido recibido esta ma\u00f1ana en audiencia por el Santo Padre Francisco y, sucesivamente, se ha encontrado con el cardenal Pietro Parolin, Secretario de Estado, a quien acompa\u00f1aba el arzobispo Dominique Mamberti, Secretario para las Relaciones con los Estados.<\/p>\n<p align=\"justify\">Durante las conversaciones, que han transcurrido en una atm\u00f3sfera de cordialidad, se han intercambiado pareceres sobre algunos temas concernientes a la actualidad internacional y se ha manifestado el deseo de que en las zonas de conflicto se respeten el derecho humanitario y el derecho internacional y se llegue a una soluci\u00f3n negociada entre las partes interesadas.<\/p>\n<p align=\"justify\">En el contexto de las relaciones bilaterales y de la colaboraci\u00f3n entre la Iglesia y el Estado, se han tratado cuestiones de relieve especial para la Iglesia en ese pa\u00eds, como el ejercicio de los derechos a la libertad religiosa, a la vida y a la objeci\u00f3n de conciencia y tambi\u00e9n se ha hablado de la reforma en materia de emigraci\u00f3n. Por \u00faltimo, se ha expresado el compromiso com\u00fan para la erradicaci\u00f3n de la trata de seres humanos en el mundo.<\/p>\n<p align=\"justify\">&nbsp;<\/p>\n<p align=\"justify\">Ciudad del Vaticano, 27 marzo 2014 (VIS).-<\/p>\n","protected":false},"excerpt":{"rendered":"<p>El Papa recibe al presidente Obama \u00a0El Papa recibe al presidente Obama: respeto del derecho humanitario e internacional en las zonas de conflictos Barack H. Obama, Presidente de los Estados Unidos de Am\u00e9rica, ha sido recibido esta ma\u00f1ana en audiencia por el Santo Padre Francisco y, sucesivamente, se ha encontrado con el cardenal Pietro Parolin, &hellip; <a href=\"https:\/\/www.biblia.work\/sermones\/el-papa-recibe-al-presidente-obama\/\" class=\"more-link\">Continuar leyendo<span class=\"screen-reader-text\"> \u00abEl Papa recibe al presidente Obama\u00bb<\/span><\/a><\/p>\n","protected":false},"author":1,"featured_media":0,"comment_status":"open","ping_status":"closed","sticky":false,"template":"","format":"standard","meta":{"footnotes":""},"categories":[1],"tags":[],"class_list":["post-37765","post","type-post","status-publish","format-standard","hentry","category-general"],"_links":{"self":[{"href":"https:\/\/www.biblia.work\/sermones\/wp-json\/wp\/v2\/posts\/37765","targetHints":{"allow":["GET"]}}],"collection":[{"href":"https:\/\/www.biblia.work\/sermones\/wp-json\/wp\/v2\/posts"}],"about":[{"href":"https:\/\/www.biblia.work\/sermones\/wp-json\/wp\/v2\/types\/post"}],"author":[{"embeddable":true,"href":"https:\/\/www.biblia.work\/sermones\/wp-json\/wp\/v2\/users\/1"}],"replies":[{"embeddable":true,"href":"https:\/\/www.biblia.work\/sermones\/wp-json\/wp\/v2\/comments?post=37765"}],"version-history":[{"count":0,"href":"https:\/\/www.biblia.work\/sermones\/wp-json\/wp\/v2\/posts\/37765\/revisions"}],"wp:attachment":[{"href":"https:\/\/www.biblia.work\/sermones\/wp-json\/wp\/v2\/media?parent=37765"}],"wp:term":[{"taxonomy":"category","embeddable":true,"href":"https:\/\/www.biblia.work\/sermones\/wp-json\/wp\/v2\/categories?post=37765"},{"taxonomy":"post_tag","embeddable":true,"href":"https:\/\/www.biblia.work\/sermones\/wp-json\/wp\/v2\/tags?post=37765"}],"curies":[{"name":"wp","href":"https:\/\/api.w.org\/{rel}","templated":true}]}}