{"id":37766,"date":"2016-06-21T15:00:18","date_gmt":"2016-06-21T20:00:18","guid":{"rendered":"http:\/\/www.biblia.work\/sermones\/el-papa-acepta-la-renuncia-del-obispo-de-limburg-alemania-franz-peter-tebartz-van-elst\/"},"modified":"2016-06-21T15:00:18","modified_gmt":"2016-06-21T20:00:18","slug":"el-papa-acepta-la-renuncia-del-obispo-de-limburg-alemania-franz-peter-tebartz-van-elst","status":"publish","type":"post","link":"https:\/\/www.biblia.work\/sermones\/el-papa-acepta-la-renuncia-del-obispo-de-limburg-alemania-franz-peter-tebartz-van-elst\/","title":{"rendered":"El Papa acepta la renuncia del obispo de Limburg (Alemania), Franz-Peter Tebartz-van Elst"},"content":{"rendered":"<p align=\"justify\">\n<p align=\"justify\">\n<p style=\"margin: 0cm; margin-bottom: .0001pt;\">El Papa acepta la renuncia del obispo de Limburg (Alemania), Franz-Peter Tebartz-van Elst<\/p>\n<p style=\"margin: 0cm; margin-bottom: .0001pt;\">\u00a0<\/p>\n<p style=\"margin: 0cm; margin-bottom: .0001pt;\">El Papa nombra un administrador apost\u00f3lico para regir la di\u00f3cesis,\u00a0 el obispo Manfred Grothe, y Franz-Peter Tebartz-van Elst recibir\u00e1 otro encargo en el tiempo oportuno. Esta es la nota oficial de la Santa Sede al respecto:<\/p>\n<p style=\"margin: 0cm; margin-bottom: .0001pt;\">\u00a0<\/p>\n<p style=\"margin: 0cm; margin-bottom: .0001pt;\">En referencia a la administraci\u00f3n de la di\u00f3cesis de Limburg, en Alemania, la Congregaci\u00f3n para los Obispos ha estudiado atentamente la relaci\u00f3n de la comisi\u00f3n querida por el obispo y el cabildo catedralicio en orden a la investigaci\u00f3n sobre la construcci\u00f3n del Centro Diocesano San Nicol\u00e1s.<\/p>\n<p style=\"margin: 0cm; margin-bottom: .0001pt;\">\u00a0<\/p>\n<p style=\"margin: 0cm; margin-bottom: .0001pt;\">Teniendo en cuenta que en la di\u00f3cesis de Limburg se ha producido una situaci\u00f3n que impide el ejercicio fecundo del ministerio del obispo monse\u00f1or Franz-Peter Tebartz-van Elst, la Santa Sede\u00a0 ha decidido aceptar aceptar su dimisi\u00f3n presentada el 20 de octubre de 2013 y ha nombrado administrador apost\u00f3lico sede vacante de Limburg a Monse\u00f1or Manfred Grothe.<\/p>\n<p style=\"margin: 0cm; margin-bottom: .0001pt;\">\u00a0<\/p>\n<p style=\"margin: 0cm; margin-bottom: .0001pt;\">El obispo cesante, monse\u00f1or Franz-Peter Tebartz-van Elst, recibir\u00e1 en tiempo oportuno otro encargo.<\/p>\n<p style=\"margin: 0cm; margin-bottom: .0001pt;\">El Santo Padre pide al clero y a los fieles de la di\u00f3cesis de Limburg volver a acoger las decisiones de la Santa Sede con docilidad y volver a comprometerse a recuperar un clima de caridad y de reconciliaci\u00f3n.<\/p>\n","protected":false},"excerpt":{"rendered":"<p>El Papa acepta la renuncia del obispo de Limburg (Alemania), Franz-Peter Tebartz-van Elst \u00a0 El Papa nombra un administrador apost\u00f3lico para regir la di\u00f3cesis,\u00a0 el obispo Manfred Grothe, y Franz-Peter Tebartz-van Elst recibir\u00e1 otro encargo en el tiempo oportuno. Esta es la nota oficial de la Santa Sede al respecto: \u00a0 En referencia a la &hellip; <a href=\"https:\/\/www.biblia.work\/sermones\/el-papa-acepta-la-renuncia-del-obispo-de-limburg-alemania-franz-peter-tebartz-van-elst\/\" class=\"more-link\">Continuar leyendo<span class=\"screen-reader-text\"> \u00abEl Papa acepta la renuncia del obispo de Limburg (Alemania), Franz-Peter Tebartz-van Elst\u00bb<\/span><\/a><\/p>\n","protected":false},"author":1,"featured_media":0,"comment_status":"open","ping_status":"closed","sticky":false,"template":"","format":"standard","meta":{"footnotes":""},"categories":[1],"tags":[],"class_list":["post-37766","post","type-post","status-publish","format-standard","hentry","category-general"],"_links":{"self":[{"href":"https:\/\/www.biblia.work\/sermones\/wp-json\/wp\/v2\/posts\/37766","targetHints":{"allow":["GET"]}}],"collection":[{"href":"https:\/\/www.biblia.work\/sermones\/wp-json\/wp\/v2\/posts"}],"about":[{"href":"https:\/\/www.biblia.work\/sermones\/wp-json\/wp\/v2\/types\/post"}],"author":[{"embeddable":true,"href":"https:\/\/www.biblia.work\/sermones\/wp-json\/wp\/v2\/users\/1"}],"replies":[{"embeddable":true,"href":"https:\/\/www.biblia.work\/sermones\/wp-json\/wp\/v2\/comments?post=37766"}],"version-history":[{"count":0,"href":"https:\/\/www.biblia.work\/sermones\/wp-json\/wp\/v2\/posts\/37766\/revisions"}],"wp:attachment":[{"href":"https:\/\/www.biblia.work\/sermones\/wp-json\/wp\/v2\/media?parent=37766"}],"wp:term":[{"taxonomy":"category","embeddable":true,"href":"https:\/\/www.biblia.work\/sermones\/wp-json\/wp\/v2\/categories?post=37766"},{"taxonomy":"post_tag","embeddable":true,"href":"https:\/\/www.biblia.work\/sermones\/wp-json\/wp\/v2\/tags?post=37766"}],"curies":[{"name":"wp","href":"https:\/\/api.w.org\/{rel}","templated":true}]}}