{"id":37768,"date":"2016-06-21T15:00:26","date_gmt":"2016-06-21T20:00:26","guid":{"rendered":"http:\/\/www.biblia.work\/sermones\/presentacion-en-la-santa-sede-del-proximo-encuentro-mundial-de-las-familias\/"},"modified":"2016-06-21T15:00:26","modified_gmt":"2016-06-21T20:00:26","slug":"presentacion-en-la-santa-sede-del-proximo-encuentro-mundial-de-las-familias","status":"publish","type":"post","link":"https:\/\/www.biblia.work\/sermones\/presentacion-en-la-santa-sede-del-proximo-encuentro-mundial-de-las-familias\/","title":{"rendered":"Presentaci\u00f3n en la Santa Sede del pr\u00f3ximo Encuentro Mundial de las Familias"},"content":{"rendered":"<p align=\"justify\"><b>Presentaci\u00f3n en la Santa Sede del pr\u00f3ximo Encuentro Mundial de las Familias<\/b><\/p>\n<p align=\"justify\">El arzobispo <b>Vincenzo Paglia<\/b>, Presidente del Pontificio Consejo para la Familia y el arzobispo <b>Charles Joseph Chaput<\/b>, O.F.M. Cap., de Filadelfia (USA) han presentado esta ma\u00f1ana en la Oficina de Prensa de la Santa Sede el <b>VIII Encuentro Mundial de las Familias que tendr\u00e1 lugar del 22 al 27 de septiembre de 2015 en Filadelfia (USA).<\/b><\/p>\n<p align=\"justify\">El presidente del Pontificio Consejo para la Familia ha explicado que el encuentro se coloca en un momento particular para la vida de la Iglesia porque el Papa Francisco ha puesto en el centro de atenci\u00f3n el tema de la familia a la que ha dedicado el consistorio del pasado mes de febrero y que ser\u00e1 tambi\u00e9n el sujeto del pr\u00f3ximo s\u00ednodo del mes de octubre. En esa l\u00ednea se sit\u00faan tambi\u00e9n la peregrinaci\u00f3n de las familias a Roma en el A\u00f1o de la Fe (26-27 octubre 2013),la XXI asamblea plenaria del Pontificio Consejo para la Familia, el encuentro del Papa con los novios (14 de febrero 2014) o la Carta del Papa a las Familias. Una serie de eventos que coinciden con la convocaci\u00f3n por parte de la ONU del A\u00f1o de la Familia.<\/p>\n<p align=\"justify\">\u201cEl encuentro de Filadelfia quiere involucrar ante todo a las Iglesias del continente americano: desde Alaska a la Tierra de Fuego con la participaci\u00f3n de las diversas culturas que pueblan ese vasto continente -ha proseguido el prelado- No cabe duda de que la presencia en Roma del primer papa latinoamericano hace que ese acontecimiento sea particularmente significativo. Y el punto de partida y de desarrollo de nuestro itinerario ser\u00e1 siempre el que el Papa nos ha indicado: \u201cLa belleza de la familia y del matrimonio, la grandeza de esta realidad tan sencilla y al mismo tiempo tan rica, hecha de alegr\u00edas y esperanzas, de fatigas y sufrimientos, como toda la vida. Intentaremos profundizar la teolog\u00eda de la familia y la pastoral que debemos actuar en las condiciones actuales&#8230;Se nos pide resaltar el plan luminoso de Dios para la familia y ayudar a los c\u00f3nyuges a vivirlo con alegr\u00eda en su existencia, acompa\u00f1\u00e1ndoles entre tantas dificultades, con una pastoral inteligente, valiente y llena de amor\u201d.<\/p>\n<p align=\"justify\">\u201cAs\u00ed haremos mirando a Filadelfia: acompa\u00f1aremos en su camino a todas las familias con una pastoral inteligente, valiente y llena de amor. Inteligencia para leer el presente de la familia; valor para hacer frente a problemas complejos y numerosos; amor para intentar resolverlos teniendo siempre presentes el Evangelio de la familia y de la vida. Por lo tanto, teolog\u00eda de la familia: espiritualidad y santidad conyugal; eclesiolog\u00eda y pastoral de la familia; familia y relaci\u00f3n con la cultura contempor\u00e1nea; familia y emigraci\u00f3n; familia y ecumenismo. Estas son algunas de las pistas y de las esferas de un trabajo com\u00fan que hay que llevar a cabo con inteligencia, valor y amor\u201d.<\/p>\n<p align=\"justify\">\u201cNos gustar\u00eda -ha terminado- que en el encuentro participasen tambi\u00e9n las otras Iglesias y comunidades cristianas, al igual que los representantes de las grandes religiones mundiales, junto con hombres y mujeres que se preocupan por el destino de una humanidad pac\u00edfica y solidaria. La convergencia en la familia ayuda a todos los pueblos a sentirse y a actuar c\u00f3mo una familia \u00fanica\u201d. <\/p>\n<p align=\"justify\">Ciudad del Vaticano, 25 marzo 2014 (VIS).-<\/p>\n","protected":false},"excerpt":{"rendered":"<p>Presentaci\u00f3n en la Santa Sede del pr\u00f3ximo Encuentro Mundial de las Familias El arzobispo Vincenzo Paglia, Presidente del Pontificio Consejo para la Familia y el arzobispo Charles Joseph Chaput, O.F.M. Cap., de Filadelfia (USA) han presentado esta ma\u00f1ana en la Oficina de Prensa de la Santa Sede el VIII Encuentro Mundial de las Familias que &hellip; <a href=\"https:\/\/www.biblia.work\/sermones\/presentacion-en-la-santa-sede-del-proximo-encuentro-mundial-de-las-familias\/\" class=\"more-link\">Continuar leyendo<span class=\"screen-reader-text\"> \u00abPresentaci\u00f3n en la Santa Sede del pr\u00f3ximo Encuentro Mundial de las Familias\u00bb<\/span><\/a><\/p>\n","protected":false},"author":1,"featured_media":0,"comment_status":"open","ping_status":"closed","sticky":false,"template":"","format":"standard","meta":{"footnotes":""},"categories":[1],"tags":[],"class_list":["post-37768","post","type-post","status-publish","format-standard","hentry","category-general"],"_links":{"self":[{"href":"https:\/\/www.biblia.work\/sermones\/wp-json\/wp\/v2\/posts\/37768","targetHints":{"allow":["GET"]}}],"collection":[{"href":"https:\/\/www.biblia.work\/sermones\/wp-json\/wp\/v2\/posts"}],"about":[{"href":"https:\/\/www.biblia.work\/sermones\/wp-json\/wp\/v2\/types\/post"}],"author":[{"embeddable":true,"href":"https:\/\/www.biblia.work\/sermones\/wp-json\/wp\/v2\/users\/1"}],"replies":[{"embeddable":true,"href":"https:\/\/www.biblia.work\/sermones\/wp-json\/wp\/v2\/comments?post=37768"}],"version-history":[{"count":0,"href":"https:\/\/www.biblia.work\/sermones\/wp-json\/wp\/v2\/posts\/37768\/revisions"}],"wp:attachment":[{"href":"https:\/\/www.biblia.work\/sermones\/wp-json\/wp\/v2\/media?parent=37768"}],"wp:term":[{"taxonomy":"category","embeddable":true,"href":"https:\/\/www.biblia.work\/sermones\/wp-json\/wp\/v2\/categories?post=37768"},{"taxonomy":"post_tag","embeddable":true,"href":"https:\/\/www.biblia.work\/sermones\/wp-json\/wp\/v2\/tags?post=37768"}],"curies":[{"name":"wp","href":"https:\/\/api.w.org\/{rel}","templated":true}]}}