{"id":37772,"date":"2016-06-21T15:00:46","date_gmt":"2016-06-21T20:00:46","guid":{"rendered":"http:\/\/www.biblia.work\/sermones\/agenda-de-la-santa-sede-del-martes-25-de-marzo-al-lunes-31-de-marzo-de-2014\/"},"modified":"2016-06-21T15:00:46","modified_gmt":"2016-06-21T20:00:46","slug":"agenda-de-la-santa-sede-del-martes-25-de-marzo-al-lunes-31-de-marzo-de-2014","status":"publish","type":"post","link":"https:\/\/www.biblia.work\/sermones\/agenda-de-la-santa-sede-del-martes-25-de-marzo-al-lunes-31-de-marzo-de-2014\/","title":{"rendered":"Agenda de la Santa Sede del martes 25 de marzo al lunes 31 de marzo de 2014"},"content":{"rendered":"<p align=\"justify\"><b>Agenda de la Santa Sede del martes 25 de marzo al lunes 31 de marzo de 2014<\/b><\/p>\n<p align=\"justify\">El <b>martes 25 de marzo<\/b>, a las 11.30, en la Sala de Prensa de la Santa Sede, se presentar\u00e1 el VIII Encuentro Mundial de las Familias que se celebrar\u00e1 del 22 al 27 de septiembre del pr\u00f3ximo a\u00f1o 2015 en la ciudad estadounidense de Philadelphia. Intervendr\u00e1n en esta presentaci\u00f3n Mons. Vincenzo Paglia, Presidente del Consejo Pontificio para la Familia con Mons. Charles Joseph Chaput, Arzobispo de Philadelphia.<br \/>\nEse d\u00eda se celebra en Espa\u00f1a la Jornada por la vida. Para esta ocasi\u00f3n, la Conferencia episcopal espa\u00f1ola hizo p\u00fablico un mensaje sobre el tema \u201c\u00a1S\u00ed a la vida, esperanza frente a la crisis!\u201d.<br \/>\nY en Per\u00fa se celebra la Jornada del ni\u00f1o por nacer, ocasi\u00f3n para la cual tambi\u00e9n la Conferencia episcopal peruana difundi\u00f3 un mensaje sobre el tema \u201cMadre, ens\u00e9\u00f1anos a cuidar la vida\u201d.<br \/>\nEl <b>mi\u00e9rcoles 26 de marzo<\/b> el Papa Francisco celebrar\u00e1, a las 10,30 en la Plaza de San Pedro, la tradicional audiencia general, ante la presencia de varios miles de fieles y peregrinos, deseosos de escuchar su catequesis y de recibir su bendici\u00f3n apost\u00f3lica.<br \/>\nEl <b>jueves 27 de marzo<\/b> a las 10,30 el Papa Francisco recibir\u00e1 audiencia al Presidente de EE.UU., Barack Obama. Se tratar\u00e1 del primer encuentro de Obama con el actual Pont\u00edfice, puesto que a la solemne Misa de inicio del Pontificado, del 19 de marzo del a\u00f1o pasado, esta naci\u00f3n estuvo representada por su vicepresidente, Joe Biden.<br \/>\nDel 27 al 29 de marzo los Obispos de Madagascar realizan su Visita ad limina Apostolorum, es decir a las tumbas de los Ap\u00f3stoles Pedro y Pablo.<br \/>\nEl <strong>viernes 28 de marzo<\/strong> el Papa Francisco asistir\u00e1, a las 9.00, en la Capilla Redemptoris Mater del Palacio Apost\u00f3lico del Vaticano, a la tercera predicaci\u00f3n de Cuaresma del Padre Raniero Cantalamessa, Predicador de la Casa Pontificia. El tema general de la predicaci\u00f3n que est\u00e1 afrontando el Padre Cantalamessa es \u201cSobre las espaldas de los gigantes. Las grandes verdades de nuestra fe, contempladas con los Padres de la Iglesia Latina. Y en esta ocasi\u00f3n su meditaci\u00f3n se centrar\u00e1 en \u201cAmbrosio y la presencia real de Cristo en la Eucarist\u00eda\u201d.<br \/>\nA mediod\u00eda el Papa Francisco recibir\u00e1 en audiencia a los participantes en el XXV Curso sobre el Foro interno organizado por la Penitenciar\u00eda Apost\u00f3lica.<br \/>\nA partir de las 17.00, en la Bas\u00edlica Vaticana, el Santo Padre presidir\u00e1 la Celebraci\u00f3n penitencial que el Centro Televisivo Vaticano transmitir\u00e1 en directo.<br \/>\nSe trata de una iniciativa cuaresmal del Consejo Pontificio para la Promoci\u00f3n de la Nueva Evangelizaci\u00f3n titulada \u201c24 horas por el Se\u00f1or\u201d. Durante esta celebraci\u00f3n, el Pont\u00edfice confesar\u00e1 a algunos fieles. Y por la noche, a partir de las 20.00 en tres iglesias del centro hist\u00f3rico de Roma \u2013 Santa In\u00e9s en Ag\u00f3n, Santa Mar\u00eda en Trast\u00e9vere y Sant\u00edsimos Estigmas \u2013 los confesores estar\u00e1n a disposici\u00f3n de los fieles para la celebraci\u00f3n individual del sacramento de la penitencia en el contexto de la adoraci\u00f3n Eucar\u00edstica.<\/p>\n<p align=\"justify\">En estas tres parroquias habr\u00e1 j\u00f3venes pertenecientes a diversas realidades eclesiales, quienes como nuevos evangelizadores de sus coet\u00e1neos los invitar\u00e1n a entrar en la iglesia, para confesarse. Tambi\u00e9n ser\u00e1 posible confesarse el s\u00e1bado 29 de marzo, en la rector\u00eda de Santa In\u00e9s en Ag\u00f3n hasta las 16.00. La jornada concluir\u00e1 una hora m\u00e1s tarde, con la celebraci\u00f3n de las primeras v\u00edsperas del cuarto domingo de Cuaresma, que presidir\u00e1 Monse\u00f1or Fisichella, en la iglesia del Esp\u00edritu Santo en Sassia, santuario romano de la Divina Misericordia.<br \/>\nEl <b>s\u00e1bado 29 de marzo<\/b> en la Sala San P\u00edo X de V\u00eda de la Conciliazione se llevar\u00e1 a cabo de 9.a 19.00 la Jornada de estudio titulada \u201c\u00a1Familia, custodia la Creaci\u00f3n!\u201d, organizada por el Consejo Pontificio Consejo para la Familia, junto a Greenaccord.<\/p>\n<p align=\"justify\">Entre los relatores se destaca Monse\u00f1or Vincenzo Paglia, Presidente del mencionado dicasterio.<\/p>\n<p align=\"justify\">Del 29 al 30 de marzo en Italia se celebrar\u00e1 la XIII edici\u00f3n de la Jornada Nacional de la U.N.I.T.A.L.S.I., es decir de la Uni\u00f3n Nacional Italiana para el Transporte de enfermos a Lourdes y a los Santuarios Internacionales. Durante estos d\u00edas los voluntarios de la Asociaci\u00f3n estar\u00e1n presentes en las principales plazas de la naci\u00f3n, y a cambio de una contribuci\u00f3n de 10 \u20ac, entregar\u00e1n una peque\u00f1a planta de olivo. La recaudaci\u00f3n de esta iniciativa servir\u00e1 para financiar todos los proyectos y las actividades de esta Asociaci\u00f3n, que desde hace 110 a\u00f1os se prodiga junto a los minusv\u00e1lidos y a los menos afortunados.<br \/>\nEl <b>30 de marzo<\/b>, cuarto domingo de Cuaresma, el Papa Francisco rezar\u00e1 a mediod\u00eda la oraci\u00f3n mariana del \u00c1ngelus con los fieles y peregrinos reunidos en la Plaza de San Pedro, deseosos de escuchar sus palabras y de recibir su bendici\u00f3n apost\u00f3lica.<br \/>\nEl <b>lunes 31 de marzo<\/b> en Roma, en la sede de la Pontificia Universidad Gregoriana tendr\u00e1 lugar la segunda parte del Congreso sobre el tema \u201cEl inicio y el fin del Universo. Orientaciones cient\u00edficas, filos\u00f3ficas y teol\u00f3gicas\u201d. La primera parte de este congreso se celebr\u00f3 el 11 de noviembre del a\u00f1o pasado.<br \/>\nProducci\u00f3n de Mar\u00eda Fernanda Bernasconi. (hispano@vatiradio.va)<br \/>\nEl espacio \u201cPrevisiones de la semana\u201d, se transmite los lunes en la emisi\u00f3n informativa de las 11,30 UTC.<\/p>\n","protected":false},"excerpt":{"rendered":"<p>Agenda de la Santa Sede del martes 25 de marzo al lunes 31 de marzo de 2014 El martes 25 de marzo, a las 11.30, en la Sala de Prensa de la Santa Sede, se presentar\u00e1 el VIII Encuentro Mundial de las Familias que se celebrar\u00e1 del 22 al 27 de septiembre del pr\u00f3ximo a\u00f1o &hellip; <a href=\"https:\/\/www.biblia.work\/sermones\/agenda-de-la-santa-sede-del-martes-25-de-marzo-al-lunes-31-de-marzo-de-2014\/\" class=\"more-link\">Continuar leyendo<span class=\"screen-reader-text\"> \u00abAgenda de la Santa Sede del martes 25 de marzo al lunes 31 de marzo de 2014\u00bb<\/span><\/a><\/p>\n","protected":false},"author":1,"featured_media":0,"comment_status":"open","ping_status":"closed","sticky":false,"template":"","format":"standard","meta":{"footnotes":""},"categories":[1],"tags":[],"class_list":["post-37772","post","type-post","status-publish","format-standard","hentry","category-general"],"_links":{"self":[{"href":"https:\/\/www.biblia.work\/sermones\/wp-json\/wp\/v2\/posts\/37772","targetHints":{"allow":["GET"]}}],"collection":[{"href":"https:\/\/www.biblia.work\/sermones\/wp-json\/wp\/v2\/posts"}],"about":[{"href":"https:\/\/www.biblia.work\/sermones\/wp-json\/wp\/v2\/types\/post"}],"author":[{"embeddable":true,"href":"https:\/\/www.biblia.work\/sermones\/wp-json\/wp\/v2\/users\/1"}],"replies":[{"embeddable":true,"href":"https:\/\/www.biblia.work\/sermones\/wp-json\/wp\/v2\/comments?post=37772"}],"version-history":[{"count":0,"href":"https:\/\/www.biblia.work\/sermones\/wp-json\/wp\/v2\/posts\/37772\/revisions"}],"wp:attachment":[{"href":"https:\/\/www.biblia.work\/sermones\/wp-json\/wp\/v2\/media?parent=37772"}],"wp:term":[{"taxonomy":"category","embeddable":true,"href":"https:\/\/www.biblia.work\/sermones\/wp-json\/wp\/v2\/categories?post=37772"},{"taxonomy":"post_tag","embeddable":true,"href":"https:\/\/www.biblia.work\/sermones\/wp-json\/wp\/v2\/tags?post=37772"}],"curies":[{"name":"wp","href":"https:\/\/api.w.org\/{rel}","templated":true}]}}