{"id":37773,"date":"2016-06-21T15:00:50","date_gmt":"2016-06-21T20:00:50","guid":{"rendered":"http:\/\/www.biblia.work\/sermones\/el-papa-francisco-recibe-a-una-delegacion-de-la-apostoliki-diakonia\/"},"modified":"2016-06-21T15:00:50","modified_gmt":"2016-06-21T20:00:50","slug":"el-papa-francisco-recibe-a-una-delegacion-de-la-apostoliki-diakonia","status":"publish","type":"post","link":"https:\/\/www.biblia.work\/sermones\/el-papa-francisco-recibe-a-una-delegacion-de-la-apostoliki-diakonia\/","title":{"rendered":"El Papa Francisco recibe a una delegaci\u00f3n de la Apostoliki Diakonia"},"content":{"rendered":"<p align=\"justify\"><b>El Papa Francisco recibe a una delegaci\u00f3n de la Apostoliki Diakonia<\/b><\/p>\n<p align=\"justify\">El <b>obispo ortodoxo Agathanghelos<\/b>, director general de la <b>Apostoliki Diakonia de la Iglesia de Grecia <\/b>y un grupo de colaboradores han sido recibidos esta ma\u00f1ana en audiencia por el Papa Francisco. La <b>Apostoliki Diakonia<\/b> es el organismo que, por cuenta del Santo S\u00ednodo de la Iglesia Ortodoxa de Grecia, se <b>ocupa de la promoci\u00f3n de actividades pastorales, culturales y editoriales en Grecia<\/b>.<\/p>\n<p align=\"justify\">Gracias a las mejores relaciones con la Iglesia Ortodoxa de Grecia, a ra\u00edz de la visita del beato <strong>Juan Pablo II a Atenas en 2001<\/strong>, ha sido posible realizar una serie de <strong>proyectos de colaboraci\u00f3n entre la Santa Sede y la Apostoliki Diakonia<\/strong> en \u00e1mbito cultural y de intercambios educativos.<\/p>\n<p align=\"justify\">Durante su estancia en Roma, del 21 al 26 de marzo, la delegaci\u00f3n griega visitar\u00e1 las <strong>bas\u00edlicas de San Pedro y de San Pablo Extramuros<\/strong> para venerar las <strong>tumbas de los ap\u00f3stoles Pedro y Pablo<\/strong>. Tambi\u00e9n se entrevistar\u00e1 con el cardenal <strong>Walter Kasper<\/strong>, presidente del Pontificio Consejo para la Promoci\u00f3n de los Cristianos, con el arzobispo <strong>Jean-Louis Brugu\u00e9s<\/strong>, O.P., Archivero y Bibliotecario de la Santa Iglesia Romana y con los responsables de la Librer\u00eda Editorial Vaticana. Est\u00e1 prevista igualmente la visita a las <strong>catacumbas de San Calixto, a la Abad\u00eda de las Tres Fuentes y a la Comunidad de San Egidio<\/strong>.<\/p>\n<p align=\"justify\">Ciudad del Vaticano, 24 marzo 2014 (VIS).-<\/p>\n","protected":false},"excerpt":{"rendered":"<p>El Papa Francisco recibe a una delegaci\u00f3n de la Apostoliki Diakonia El obispo ortodoxo Agathanghelos, director general de la Apostoliki Diakonia de la Iglesia de Grecia y un grupo de colaboradores han sido recibidos esta ma\u00f1ana en audiencia por el Papa Francisco. La Apostoliki Diakonia es el organismo que, por cuenta del Santo S\u00ednodo de &hellip; <a href=\"https:\/\/www.biblia.work\/sermones\/el-papa-francisco-recibe-a-una-delegacion-de-la-apostoliki-diakonia\/\" class=\"more-link\">Continuar leyendo<span class=\"screen-reader-text\"> \u00abEl Papa Francisco recibe a una delegaci\u00f3n de la Apostoliki Diakonia\u00bb<\/span><\/a><\/p>\n","protected":false},"author":1,"featured_media":0,"comment_status":"open","ping_status":"closed","sticky":false,"template":"","format":"standard","meta":{"footnotes":""},"categories":[1],"tags":[],"class_list":["post-37773","post","type-post","status-publish","format-standard","hentry","category-general"],"_links":{"self":[{"href":"https:\/\/www.biblia.work\/sermones\/wp-json\/wp\/v2\/posts\/37773","targetHints":{"allow":["GET"]}}],"collection":[{"href":"https:\/\/www.biblia.work\/sermones\/wp-json\/wp\/v2\/posts"}],"about":[{"href":"https:\/\/www.biblia.work\/sermones\/wp-json\/wp\/v2\/types\/post"}],"author":[{"embeddable":true,"href":"https:\/\/www.biblia.work\/sermones\/wp-json\/wp\/v2\/users\/1"}],"replies":[{"embeddable":true,"href":"https:\/\/www.biblia.work\/sermones\/wp-json\/wp\/v2\/comments?post=37773"}],"version-history":[{"count":0,"href":"https:\/\/www.biblia.work\/sermones\/wp-json\/wp\/v2\/posts\/37773\/revisions"}],"wp:attachment":[{"href":"https:\/\/www.biblia.work\/sermones\/wp-json\/wp\/v2\/media?parent=37773"}],"wp:term":[{"taxonomy":"category","embeddable":true,"href":"https:\/\/www.biblia.work\/sermones\/wp-json\/wp\/v2\/categories?post=37773"},{"taxonomy":"post_tag","embeddable":true,"href":"https:\/\/www.biblia.work\/sermones\/wp-json\/wp\/v2\/tags?post=37773"}],"curies":[{"name":"wp","href":"https:\/\/api.w.org\/{rel}","templated":true}]}}