{"id":37775,"date":"2016-06-21T15:01:03","date_gmt":"2016-06-21T20:01:03","guid":{"rendered":"http:\/\/www.biblia.work\/sermones\/el-papa-francisco-se-reune-con-el-presidente-de-malta-de-inmigracion-george-abela\/"},"modified":"2016-06-21T15:01:03","modified_gmt":"2016-06-21T20:01:03","slug":"el-papa-francisco-se-reune-con-el-presidente-de-malta-de-inmigracion-george-abela","status":"publish","type":"post","link":"https:\/\/www.biblia.work\/sermones\/el-papa-francisco-se-reune-con-el-presidente-de-malta-de-inmigracion-george-abela\/","title":{"rendered":"El Papa Francisco se re\u00fane con el presidente de Malta de inmigraci\u00f3n,  George Abela"},"content":{"rendered":"<h5><strong>El Papa Francisco se re\u00fane con el presidente de Malta de inmigraci\u00f3n,\u00a0\u00a0George Abela<\/strong><\/h5>\n<p><strong>El fen\u00f3meno migratorio afecta de lleno a este peque\u00f1o Estado miembro de la Uni\u00f3n Europea<\/strong><\/p>\n<p align=\"justify\">El papa Francisco ha recibido esta ma\u00f1ana al presidente de Malta, George Abela, que termina en estos d\u00edas su mandato, y con \u00e9l ha afrontado el tema de la inmigraci\u00f3n. Una cuesti\u00f3n que afecta de lleno al Estado m\u00e1s peque\u00f1o de la UE.<\/p>\n<p align=\"justify\">En el encuentro, desarrollado en un clima de cordialidad,\u00a0&#8220;se ha tratado el tema de la contribuci\u00f3n de Malta en el seno de la Uni\u00f3n Europea y el de algunas situaciones en la regi\u00f3n del Mediterr\u00e1neo, incluido el fen\u00f3meno de la migraci\u00f3n hacia Europa que interesa a la Iglesia y al Gobierno&#8221;.<\/p>\n<p align=\"justify\">Adem\u00e1s, &#8220;se ha hablado de las profundas huellas del cristianismo en la historia, la cultura y la vida del pueblo malt\u00e9s, as\u00ed como de las buenas relaciones entre la Santa Sede y Malta, recordando las visitas pastorales realizadas por el beato Juan Pablo II y por Benedicto XVI&#8221;,\u00a0se\u00f1ala el comunicado difundido por la Oficina de Prensa de la Santa Sede.<\/p>\n<p align=\"justify\">Durante las \u00faltimas dos d\u00e9cadas,\u00a0Italia, Grecia y la isla mediterr\u00e1nea de Malta han absorbido los flujos migratorios que llegan desde el norte y este de \u00c1frica hasta sus costas.<\/p>\n<p align=\"justify\">La llamada v\u00eda del Mediterr\u00e1neo central es\u00a0la principal puerta de entrada a Europa para muchas personas que buscan una vida mejor, y la cifra de inmigrantes que acceden por mar a Italia o Malta se ha multiplicado por tres durante el \u00faltimo a\u00f1o debido, principalmente, a la llegada de refugiados sirios que huyen de la guerra civil, y de los que escapan de las hambrunas en el Cuerno de \u00c1frica.<\/p>\n<p align=\"justify\">Tras el naufragio que tuvo lugar el pasado mes de octubre en Lampedusa, en el que murieron 366 inmigrantes eritreos, y la posterior visita del Santo Padre a\u00a0la isla italiana, con la\u00a0que quiso mostrar al mundo este drama, el Gobierno de Italia ha lanzado la operaci\u00f3n\u00a0\u201cMare Nostrum\u201d\u00a0combinando embarcaciones, helic\u00f3pteros y aeronaves no tripuladas para supervisar el mar Mediterr\u00e1neo y salvar\u00a0cientos de vidas humanas.<\/p>\n<p align=\"justify\">Por su parte, Malta\u00a0ha pedido reiteradamente ayuda a sus socios comunitarios para afrontar el desaf\u00edo de la inmigraci\u00f3n. Una\u00a0problem\u00e1tica que ha adquirido nuevas dimensiones\u00a0con las redes criminales o con los traficantes de personas.<\/p>\n<p align=\"justify\">Ubicado a 80 km de Sicilia, 106 km de Lampedusa y 333 km de Libia, el archipi\u00e9lago malt\u00e9s es un paso casi obligatorio de los barcos de inmigrantes que intentan llegar al Viejo Continente.<\/p>\n<p align=\"justify\"><em>Por Iv\u00e1n de Vargas<\/em><\/p>\n<p align=\"justify\">MADRID, 21 de marzo de 2014 (Zenit.org) &#8211;<\/p>\n","protected":false},"excerpt":{"rendered":"<p>El Papa Francisco se re\u00fane con el presidente de Malta de inmigraci\u00f3n,\u00a0\u00a0George Abela El fen\u00f3meno migratorio afecta de lleno a este peque\u00f1o Estado miembro de la Uni\u00f3n Europea El papa Francisco ha recibido esta ma\u00f1ana al presidente de Malta, George Abela, que termina en estos d\u00edas su mandato, y con \u00e9l ha afrontado el tema &hellip; <a href=\"https:\/\/www.biblia.work\/sermones\/el-papa-francisco-se-reune-con-el-presidente-de-malta-de-inmigracion-george-abela\/\" class=\"more-link\">Continuar leyendo<span class=\"screen-reader-text\"> \u00abEl Papa Francisco se re\u00fane con el presidente de Malta de inmigraci\u00f3n,  George Abela\u00bb<\/span><\/a><\/p>\n","protected":false},"author":1,"featured_media":0,"comment_status":"open","ping_status":"closed","sticky":false,"template":"","format":"standard","meta":{"footnotes":""},"categories":[1],"tags":[],"class_list":["post-37775","post","type-post","status-publish","format-standard","hentry","category-general"],"_links":{"self":[{"href":"https:\/\/www.biblia.work\/sermones\/wp-json\/wp\/v2\/posts\/37775","targetHints":{"allow":["GET"]}}],"collection":[{"href":"https:\/\/www.biblia.work\/sermones\/wp-json\/wp\/v2\/posts"}],"about":[{"href":"https:\/\/www.biblia.work\/sermones\/wp-json\/wp\/v2\/types\/post"}],"author":[{"embeddable":true,"href":"https:\/\/www.biblia.work\/sermones\/wp-json\/wp\/v2\/users\/1"}],"replies":[{"embeddable":true,"href":"https:\/\/www.biblia.work\/sermones\/wp-json\/wp\/v2\/comments?post=37775"}],"version-history":[{"count":0,"href":"https:\/\/www.biblia.work\/sermones\/wp-json\/wp\/v2\/posts\/37775\/revisions"}],"wp:attachment":[{"href":"https:\/\/www.biblia.work\/sermones\/wp-json\/wp\/v2\/media?parent=37775"}],"wp:term":[{"taxonomy":"category","embeddable":true,"href":"https:\/\/www.biblia.work\/sermones\/wp-json\/wp\/v2\/categories?post=37775"},{"taxonomy":"post_tag","embeddable":true,"href":"https:\/\/www.biblia.work\/sermones\/wp-json\/wp\/v2\/tags?post=37775"}],"curies":[{"name":"wp","href":"https:\/\/api.w.org\/{rel}","templated":true}]}}