{"id":37776,"date":"2016-06-21T15:01:07","date_gmt":"2016-06-21T20:01:07","guid":{"rendered":"http:\/\/www.biblia.work\/sermones\/oracion-del-papa-por-todas-las-victimas-inocentes-de-las-mafias\/"},"modified":"2016-06-21T15:01:07","modified_gmt":"2016-06-21T20:01:07","slug":"oracion-del-papa-por-todas-las-victimas-inocentes-de-las-mafias","status":"publish","type":"post","link":"https:\/\/www.biblia.work\/sermones\/oracion-del-papa-por-todas-las-victimas-inocentes-de-las-mafias\/","title":{"rendered":"Oraci\u00f3n del Papa por todas las v\u00edctimas inocentes de las mafias"},"content":{"rendered":"<p align=\"justify\">Queridos hermanos y hermanas,<\/p>\n<p align=\"justify\">gracias por haber hecho este alto en Roma, que me da la posibilidad de encontrarlos, antes de la vigilia y de la \u201cJornada de la memoria y del compromiso\u201d que vivir\u00e1n esta noche y ma\u00f1ana en Latina. Agradezco a Don Luigi Ciotti y a sus colaboradores, y tambi\u00e9n a los Padres Franciscanos de esta parroquia. Saludo adem\u00e1s al obispo de Latina, Mons. Crociata, aqu\u00ed presente. Gracias, excelencia.<\/p>\n<p align=\"justify\">El deseo que tengo es el de compartir con ustedes\u00a0una esperanza, y es \u00e9sta: que\u00a0lentamente el sentido de responsabilidad venza sobre la corrupci\u00f3n, en todas partes del mundo\u2026 Y esto debe partir desde dentro, de las consciencias, y de all\u00ed resanar, resanar los comportamientos, las relaciones, las elecciones, el tejido social, de tal forma que la justicia gane espacio, crezca, se radique, y tome el lugar de la iniquidad.<br \/>\nS\u00e9 que sienten fuertemente esta esperanza, y deseo compartirla con ustedes, decirles que les estar\u00e9 cerca tambi\u00e9n esta noche y ma\u00f1ana, en Latina \u2013 si bien no podr\u00e9 ir f\u00edsicamente, estar\u00e9 con ustedes en este camino, que requiere tenacidad, perseverancia.<\/p>\n<p align=\"justify\">En particular, deseo expresar mi\u00a0solidaridad a cuantos entre ustedes han perdido a una persona querida, v\u00edctima de la violencia mafiosa. Gracias por su testimonio, porque no se han cerrado, sino que se han abierto, han salido, para contar su historia de dolor y de esperanza. Esto es tan importante, especialmente para los \u00a1j\u00f3venes!<\/p>\n<p align=\"justify\">Quisiera rezar con ustedes \u2013 y lo hago de coraz\u00f3n \u2013 por todas las v\u00edctimas de las mafias. Tambi\u00e9n hace pocos d\u00edas, cerca de Taranto, se ha perpetrado un delito que no ha tenido piedad ni siquiera por un ni\u00f1o. Pero al mismo tiempo recemos juntos, todos, para pedir\u00a0la fuerza de ir adelante, de no desalentarnos, sino\u00a0de continuar a luchar contra la corrupci\u00f3n. Y siento que no puedo terminar sin decir una palabra a los grandes ausentes, hoy, a los protagonistas ausentes: a los hombres y a las mujeres mafiosas. \u00a1Por favor, cambien de vida, convi\u00e9rtanse, dejen de hacer el mal! Y nosotros rezamos por ustedes: convi\u00e9rtanse. Lo pido de rodillas. Es por su bien. Esta vida que ahora viven, no les dar\u00e1 placer, no les dar\u00e1 alegr\u00eda, no les dar\u00e1 felicidad. El poder, el dinero que ahora poseen de tantos negocios sucios, de tantos cr\u00edmenes mafiosos, es dinero ensangrentado, es poder ensangrentado, y no podr\u00e1n llevarlo a la otra vida. Convi\u00e9rtanse: a\u00fan es tiempo para no terminar en el infierno. Es lo que les espera si contin\u00faan por este camino. Ustedes han tenido un pap\u00e1 y una mam\u00e1: piensen en ellos. Lloren un poco y convi\u00e9rtanse.<\/p>\n<p align=\"justify\">Recemos juntos a nuestra Madre Mar\u00eda para que nos ayude:\u00a0Ave Mar\u00eda\u2026<\/p>\n","protected":false},"excerpt":{"rendered":"<p>Queridos hermanos y hermanas, gracias por haber hecho este alto en Roma, que me da la posibilidad de encontrarlos, antes de la vigilia y de la \u201cJornada de la memoria y del compromiso\u201d que vivir\u00e1n esta noche y ma\u00f1ana en Latina. Agradezco a Don Luigi Ciotti y a sus colaboradores, y tambi\u00e9n a los Padres &hellip; <a href=\"https:\/\/www.biblia.work\/sermones\/oracion-del-papa-por-todas-las-victimas-inocentes-de-las-mafias\/\" class=\"more-link\">Continuar leyendo<span class=\"screen-reader-text\"> \u00abOraci\u00f3n del Papa por todas las v\u00edctimas inocentes de las mafias\u00bb<\/span><\/a><\/p>\n","protected":false},"author":1,"featured_media":0,"comment_status":"open","ping_status":"closed","sticky":false,"template":"","format":"standard","meta":{"footnotes":""},"categories":[1],"tags":[],"class_list":["post-37776","post","type-post","status-publish","format-standard","hentry","category-general"],"_links":{"self":[{"href":"https:\/\/www.biblia.work\/sermones\/wp-json\/wp\/v2\/posts\/37776","targetHints":{"allow":["GET"]}}],"collection":[{"href":"https:\/\/www.biblia.work\/sermones\/wp-json\/wp\/v2\/posts"}],"about":[{"href":"https:\/\/www.biblia.work\/sermones\/wp-json\/wp\/v2\/types\/post"}],"author":[{"embeddable":true,"href":"https:\/\/www.biblia.work\/sermones\/wp-json\/wp\/v2\/users\/1"}],"replies":[{"embeddable":true,"href":"https:\/\/www.biblia.work\/sermones\/wp-json\/wp\/v2\/comments?post=37776"}],"version-history":[{"count":0,"href":"https:\/\/www.biblia.work\/sermones\/wp-json\/wp\/v2\/posts\/37776\/revisions"}],"wp:attachment":[{"href":"https:\/\/www.biblia.work\/sermones\/wp-json\/wp\/v2\/media?parent=37776"}],"wp:term":[{"taxonomy":"category","embeddable":true,"href":"https:\/\/www.biblia.work\/sermones\/wp-json\/wp\/v2\/categories?post=37776"},{"taxonomy":"post_tag","embeddable":true,"href":"https:\/\/www.biblia.work\/sermones\/wp-json\/wp\/v2\/tags?post=37776"}],"curies":[{"name":"wp","href":"https:\/\/api.w.org\/{rel}","templated":true}]}}