{"id":37778,"date":"2016-06-21T15:01:14","date_gmt":"2016-06-21T20:01:14","guid":{"rendered":"http:\/\/www.biblia.work\/sermones\/cardenal-antonelli-enviado-especial-del-papa-en-el-aniversario-de-la-reconstruccion-de-montecassino\/"},"modified":"2016-06-21T15:01:14","modified_gmt":"2016-06-21T20:01:14","slug":"cardenal-antonelli-enviado-especial-del-papa-en-el-aniversario-de-la-reconstruccion-de-montecassino","status":"publish","type":"post","link":"https:\/\/www.biblia.work\/sermones\/cardenal-antonelli-enviado-especial-del-papa-en-el-aniversario-de-la-reconstruccion-de-montecassino\/","title":{"rendered":"Cardenal Antonelli, enviado especial del Papa en el aniversario de la reconstrucci\u00f3n de Montecassino"},"content":{"rendered":"<p align=\"justify\"><b>Cardenal Antonelli, enviado especial del Papa en el aniversario de la reconstrucci\u00f3n de Montecassino<\/b><\/p>\n<p align=\"justify\">Se ha publicado hoy la carta del Santo Padre, escrita en lat\u00edn y fechada el 19 de marzo, en la que nombra al cardenal Ennio Antonelli, presidente em\u00e9rito del Pontificio Consejo para la Familia, como su enviado especial en la conmemoraci\u00f3n del setenta aniversario de la destrucci\u00f3n y reconstrucci\u00f3n de la abad\u00eda italiana de Montecassino que tendr\u00e1 lugar en ese lugar ma\u00f1ana, 21 de marzo.<\/p>\n<p align=\"justify\">Ciudad del Vaticano, 20 marzo 2014 (VIS).-<\/p>\n","protected":false},"excerpt":{"rendered":"<p>Cardenal Antonelli, enviado especial del Papa en el aniversario de la reconstrucci\u00f3n de Montecassino Se ha publicado hoy la carta del Santo Padre, escrita en lat\u00edn y fechada el 19 de marzo, en la que nombra al cardenal Ennio Antonelli, presidente em\u00e9rito del Pontificio Consejo para la Familia, como su enviado especial en la conmemoraci\u00f3n &hellip; <a href=\"https:\/\/www.biblia.work\/sermones\/cardenal-antonelli-enviado-especial-del-papa-en-el-aniversario-de-la-reconstruccion-de-montecassino\/\" class=\"more-link\">Continuar leyendo<span class=\"screen-reader-text\"> \u00abCardenal Antonelli, enviado especial del Papa en el aniversario de la reconstrucci\u00f3n de Montecassino\u00bb<\/span><\/a><\/p>\n","protected":false},"author":1,"featured_media":0,"comment_status":"open","ping_status":"closed","sticky":false,"template":"","format":"standard","meta":{"footnotes":""},"categories":[1],"tags":[],"class_list":["post-37778","post","type-post","status-publish","format-standard","hentry","category-general"],"_links":{"self":[{"href":"https:\/\/www.biblia.work\/sermones\/wp-json\/wp\/v2\/posts\/37778","targetHints":{"allow":["GET"]}}],"collection":[{"href":"https:\/\/www.biblia.work\/sermones\/wp-json\/wp\/v2\/posts"}],"about":[{"href":"https:\/\/www.biblia.work\/sermones\/wp-json\/wp\/v2\/types\/post"}],"author":[{"embeddable":true,"href":"https:\/\/www.biblia.work\/sermones\/wp-json\/wp\/v2\/users\/1"}],"replies":[{"embeddable":true,"href":"https:\/\/www.biblia.work\/sermones\/wp-json\/wp\/v2\/comments?post=37778"}],"version-history":[{"count":0,"href":"https:\/\/www.biblia.work\/sermones\/wp-json\/wp\/v2\/posts\/37778\/revisions"}],"wp:attachment":[{"href":"https:\/\/www.biblia.work\/sermones\/wp-json\/wp\/v2\/media?parent=37778"}],"wp:term":[{"taxonomy":"category","embeddable":true,"href":"https:\/\/www.biblia.work\/sermones\/wp-json\/wp\/v2\/categories?post=37778"},{"taxonomy":"post_tag","embeddable":true,"href":"https:\/\/www.biblia.work\/sermones\/wp-json\/wp\/v2\/tags?post=37778"}],"curies":[{"name":"wp","href":"https:\/\/api.w.org\/{rel}","templated":true}]}}