{"id":37779,"date":"2016-06-21T15:01:18","date_gmt":"2016-06-21T20:01:18","guid":{"rendered":"http:\/\/www.biblia.work\/sermones\/audiencia-al-presidente-de-la-republica-de-montenegro-filip-vujanovic\/"},"modified":"2016-06-21T15:01:18","modified_gmt":"2016-06-21T20:01:18","slug":"audiencia-al-presidente-de-la-republica-de-montenegro-filip-vujanovic","status":"publish","type":"post","link":"https:\/\/www.biblia.work\/sermones\/audiencia-al-presidente-de-la-republica-de-montenegro-filip-vujanovic\/","title":{"rendered":"Audiencia al presidente de la Rep\u00fablica de Montenegro, Filip Vujanovic"},"content":{"rendered":"<p align=\"justify\">Audiencia al presidente de la Rep\u00fablica de Montenegro, Filip Vujanovic<\/p>\n<p align=\"justify\">El presidente de la rep\u00fablica de Montenegro, Filip Vujanovic, ha sido recibido esta ma\u00f1ana en audiencia por el Santo Padre en el Palacio Apost\u00f3lico y sucesivamente se ha encontrado con el cardenal Pietro Parolin, Secretario de Estado, acompa\u00f1ado por el arzobispo Dominique Mamberti, Secretario para las Relaciones con los Estados.<\/p>\n<p align=\"justify\">En el curso de las conversaciones, desarrolladas en un clima de cordialidad, se han constatado con satisfacci\u00f3n las buenas relaciones bilaterales, reforzadas posteriormente por el Acuerdo B\u00e1sico que favorece la colaboraci\u00f3n entre la Iglesia y el Estado para el bien com\u00fan de la sociedad. Tambi\u00e9n se han abordado temas de inter\u00e9s com\u00fan, en particular las principales cuestiones regionales y el camino de Montenegro hacia la integraci\u00f3n en las instituciones europeas y euroatl\u00e1nticas.<\/p>\n<p align=\"justify\">Ciudad del Vaticano, 20 marzo 2014 (VIS).-<\/p>\n","protected":false},"excerpt":{"rendered":"<p>Audiencia al presidente de la Rep\u00fablica de Montenegro, Filip Vujanovic El presidente de la rep\u00fablica de Montenegro, Filip Vujanovic, ha sido recibido esta ma\u00f1ana en audiencia por el Santo Padre en el Palacio Apost\u00f3lico y sucesivamente se ha encontrado con el cardenal Pietro Parolin, Secretario de Estado, acompa\u00f1ado por el arzobispo Dominique Mamberti, Secretario para &hellip; <a href=\"https:\/\/www.biblia.work\/sermones\/audiencia-al-presidente-de-la-republica-de-montenegro-filip-vujanovic\/\" class=\"more-link\">Continuar leyendo<span class=\"screen-reader-text\"> \u00abAudiencia al presidente de la Rep\u00fablica de Montenegro, Filip Vujanovic\u00bb<\/span><\/a><\/p>\n","protected":false},"author":1,"featured_media":0,"comment_status":"open","ping_status":"closed","sticky":false,"template":"","format":"standard","meta":{"footnotes":""},"categories":[1],"tags":[],"class_list":["post-37779","post","type-post","status-publish","format-standard","hentry","category-general"],"_links":{"self":[{"href":"https:\/\/www.biblia.work\/sermones\/wp-json\/wp\/v2\/posts\/37779","targetHints":{"allow":["GET"]}}],"collection":[{"href":"https:\/\/www.biblia.work\/sermones\/wp-json\/wp\/v2\/posts"}],"about":[{"href":"https:\/\/www.biblia.work\/sermones\/wp-json\/wp\/v2\/types\/post"}],"author":[{"embeddable":true,"href":"https:\/\/www.biblia.work\/sermones\/wp-json\/wp\/v2\/users\/1"}],"replies":[{"embeddable":true,"href":"https:\/\/www.biblia.work\/sermones\/wp-json\/wp\/v2\/comments?post=37779"}],"version-history":[{"count":0,"href":"https:\/\/www.biblia.work\/sermones\/wp-json\/wp\/v2\/posts\/37779\/revisions"}],"wp:attachment":[{"href":"https:\/\/www.biblia.work\/sermones\/wp-json\/wp\/v2\/media?parent=37779"}],"wp:term":[{"taxonomy":"category","embeddable":true,"href":"https:\/\/www.biblia.work\/sermones\/wp-json\/wp\/v2\/categories?post=37779"},{"taxonomy":"post_tag","embeddable":true,"href":"https:\/\/www.biblia.work\/sermones\/wp-json\/wp\/v2\/tags?post=37779"}],"curies":[{"name":"wp","href":"https:\/\/api.w.org\/{rel}","templated":true}]}}