{"id":37780,"date":"2016-06-21T15:01:27","date_gmt":"2016-06-21T20:01:27","guid":{"rendered":"http:\/\/www.biblia.work\/sermones\/en-toda-la-iglesia-24-horas-con-el-senor-el-viernes-28-de-marzo\/"},"modified":"2016-06-21T15:01:27","modified_gmt":"2016-06-21T20:01:27","slug":"en-toda-la-iglesia-24-horas-con-el-senor-el-viernes-28-de-marzo","status":"publish","type":"post","link":"https:\/\/www.biblia.work\/sermones\/en-toda-la-iglesia-24-horas-con-el-senor-el-viernes-28-de-marzo\/","title":{"rendered":"En toda la Iglesia, 24 horas con el Se\u00f1or, el viernes 28 de marzo"},"content":{"rendered":"<p align=\"justify\">\n<p align=\"justify\">\n<p class=\"MsoNoSpacing\">\n<p class=\"MsoNoSpacing\">\n<p class=\"MsoNoSpacing\"><b style=\"mso-bidi-font-weight: normal;\">En toda la Iglesia, 24 horas con el Se\u00f1or, el viernes 28 de marzo: jornada mundial de adoraci\u00f3n eucar\u00edstica y de reconciliaci\u00f3n sacramental, viernes 28 de marzo<\/b><\/p>\n<p class=\"MsoNoSpacing\">\u00a0El Pontificio Consejo para la Nueva Evangelizaci\u00f3n convoca para el viernes d\u00eda 28 de marzo, a partir las 5 de la tarde a una Jornada de adoraci\u00f3n y reconciliaci\u00f3n sacramental. <\/p>\n<p class=\"MsoNoSpacing\">\u00a0La propuesta se denomina \u201c24 horas para el Se\u00f1or\u201d y consiste en que al menos una iglesia en cada di\u00f3cesis pueda permanecer abierta un d\u00eda entero para acoger a todos aquellos que deseen la confesi\u00f3n sacramental y tener un momento de adoraci\u00f3n eucar\u00edstica. <\/p>\n<p class=\"MsoNoSpacing\">En Roma la iniciativa estar\u00e1 encabezada por el Papa <b style=\"mso-bidi-font-weight: normal;\">Francisco<\/b> y se ha pedido a todos los obispos del mundo que la promuevan en sus di\u00f3cesis, en los d\u00edas inmediatamente anteriores al IV domingo de Cuaresma.<\/p>\n<p class=\"MsoNoSpacing\">El Pontificio Consejo para la Nueva Evangelizaci\u00f3n convoca para el viernes d\u00eda 28 de marzo, a partir las 5 de la tarde a una Jornada de adoraci\u00f3n y reconciliaci\u00f3n sacramental. <\/p>\n<p class=\"MsoNoSpacing\">\u00a0La propuesta se denomina \u201c24 horas para el Se\u00f1or\u201d y consiste en que al menos una iglesia en cada di\u00f3cesis pueda permanecer abierta un d\u00eda entero para acoger a todos aquellos que deseen la confesi\u00f3n sacramental y tener un momento de adoraci\u00f3n eucar\u00edstica. <\/p>\n<p class=\"MsoNoSpacing\">En Roma la iniciativa estar\u00e1 encabezada por el Papa <b style=\"mso-bidi-font-weight: normal;\">Francisco<\/b> y se ha pedido a todos los obispos del mundo que la promuevan en sus di\u00f3cesis, en los d\u00edas inmediatamente anteriores al IV domingo de Cuaresma.<\/p>\n","protected":false},"excerpt":{"rendered":"<p>En toda la Iglesia, 24 horas con el Se\u00f1or, el viernes 28 de marzo: jornada mundial de adoraci\u00f3n eucar\u00edstica y de reconciliaci\u00f3n sacramental, viernes 28 de marzo \u00a0El Pontificio Consejo para la Nueva Evangelizaci\u00f3n convoca para el viernes d\u00eda 28 de marzo, a partir las 5 de la tarde a una Jornada de adoraci\u00f3n y &hellip; <a href=\"https:\/\/www.biblia.work\/sermones\/en-toda-la-iglesia-24-horas-con-el-senor-el-viernes-28-de-marzo\/\" class=\"more-link\">Continuar leyendo<span class=\"screen-reader-text\"> \u00abEn toda la Iglesia, 24 horas con el Se\u00f1or, el viernes 28 de marzo\u00bb<\/span><\/a><\/p>\n","protected":false},"author":1,"featured_media":0,"comment_status":"open","ping_status":"closed","sticky":false,"template":"","format":"standard","meta":{"footnotes":""},"categories":[1],"tags":[],"class_list":["post-37780","post","type-post","status-publish","format-standard","hentry","category-general"],"_links":{"self":[{"href":"https:\/\/www.biblia.work\/sermones\/wp-json\/wp\/v2\/posts\/37780","targetHints":{"allow":["GET"]}}],"collection":[{"href":"https:\/\/www.biblia.work\/sermones\/wp-json\/wp\/v2\/posts"}],"about":[{"href":"https:\/\/www.biblia.work\/sermones\/wp-json\/wp\/v2\/types\/post"}],"author":[{"embeddable":true,"href":"https:\/\/www.biblia.work\/sermones\/wp-json\/wp\/v2\/users\/1"}],"replies":[{"embeddable":true,"href":"https:\/\/www.biblia.work\/sermones\/wp-json\/wp\/v2\/comments?post=37780"}],"version-history":[{"count":0,"href":"https:\/\/www.biblia.work\/sermones\/wp-json\/wp\/v2\/posts\/37780\/revisions"}],"wp:attachment":[{"href":"https:\/\/www.biblia.work\/sermones\/wp-json\/wp\/v2\/media?parent=37780"}],"wp:term":[{"taxonomy":"category","embeddable":true,"href":"https:\/\/www.biblia.work\/sermones\/wp-json\/wp\/v2\/categories?post=37780"},{"taxonomy":"post_tag","embeddable":true,"href":"https:\/\/www.biblia.work\/sermones\/wp-json\/wp\/v2\/tags?post=37780"}],"curies":[{"name":"wp","href":"https:\/\/api.w.org\/{rel}","templated":true}]}}