{"id":37782,"date":"2016-06-21T15:01:36","date_gmt":"2016-06-21T20:01:36","guid":{"rendered":"http:\/\/www.biblia.work\/sermones\/gestion-de-los-bienes-eclesiasticos-al-servicio-de-la-mision-de-la-iglesia\/"},"modified":"2016-06-21T15:01:36","modified_gmt":"2016-06-21T20:01:36","slug":"gestion-de-los-bienes-eclesiasticos-al-servicio-de-la-mision-de-la-iglesia","status":"publish","type":"post","link":"https:\/\/www.biblia.work\/sermones\/gestion-de-los-bienes-eclesiasticos-al-servicio-de-la-mision-de-la-iglesia\/","title":{"rendered":"Gesti\u00f3n de los bienes eclesi\u00e1sticos al servicio de la misi\u00f3n de la Iglesia"},"content":{"rendered":"<p align=\"justify\"><b>Gesti\u00f3n de los bienes eclesi\u00e1sticos al servicio de la misi\u00f3n de la Iglesia<\/b><\/p>\n<p align=\"justify\">Se celebr\u00f3 en Roma del 8 al 9 de marzo, en la Pontificia Universidad Antonianum, el Simposio Internacional: \u201cLa administraci\u00f3n de los bienes eclesi\u00e1sticos de los Institutos de Vida Consagrada y las Sociedades de Vida Apost\u00f3lica al servicio del humanum y de la misi\u00f3n en la Iglesia\u201d. Por este motivo el Santo Padre ha enviado un <b>mensaje al cardenal Jo\u00e3o Braz de Aviz<\/b>, prefecto de la misma congregaci\u00f3n y a todos los participantes del congreso. \u201cNuestro tiempo -se lee- se caracteriza por cambios y avances significativos en muchas \u00e1reas, con importantes consecuencias para la vida de los hombres. Sin embargo, a pesar de haber reducido la pobreza, los logros han ayudado a menudo a construir una econom\u00eda de exclusi\u00f3n y de iniquidad\u201d.<\/p>\n<p align=\"justify\">\u201cLos Institutos de Vida Consagrada y las Sociedades de vida apost\u00f3lica pueden y deben ser sujetos protagonistas y activos al vivir y al dar testimonio de que el principio de gratuidad y la l\u00f3gica del don encuentran su lugar en la actividad econ\u00f3mica -contin\u00faa-. Es necesario vigilar atentamente a fin de que los bienes de los Institutos sean administrados con prudencia y transparencia, para que sean tutelados y preservados, conjugando la prioritaria dimensi\u00f3n carism\u00e1tica-espiritual con la dimensi\u00f3n econ\u00f3mica y con la eficiencia, que tiene su propio humus en la tradici\u00f3n administrativa de los institutos que no tolera derroches y est\u00e1 atenta a la buena utilizaci\u00f3n de los recursos\u201d.<\/p>\n<p align=\"justify\">\u201cLos Institutos de Vida Consagrada y las Sociedades de Vida Apost\u00f3lica han sido siempre la voz prof\u00e9tica y el testimonio vivaz de la novedad que es Cristo&#8230; que se hizo pobre enriqueci\u00e9ndonos con su pobreza&#8230;No sirve una pobreza te\u00f3rica -escribe el Papa- sino la pobreza que se aprende tocando la carne de Cristo pobre, en los humildes, los pobres, los enfermos, los ni\u00f1os\u201d. Francisco finaliza anim\u00e1ndoles a continuar con su trabajo comprometido \u201cpor los pobres y todas las miserias, materiales, morales y espirituales, como superaci\u00f3n de cualquier ego\u00edsmo en la l\u00f3gica del Evangelio, que ense\u00f1a a confiar en la Providencia de Dios\u201d.<\/p>\n<p align=\"justify\">Ciudad del Vaticano, 8 marzo 2014 (VIS).-<\/p>\n","protected":false},"excerpt":{"rendered":"<p>Gesti\u00f3n de los bienes eclesi\u00e1sticos al servicio de la misi\u00f3n de la Iglesia Se celebr\u00f3 en Roma del 8 al 9 de marzo, en la Pontificia Universidad Antonianum, el Simposio Internacional: \u201cLa administraci\u00f3n de los bienes eclesi\u00e1sticos de los Institutos de Vida Consagrada y las Sociedades de Vida Apost\u00f3lica al servicio del humanum y de &hellip; <a href=\"https:\/\/www.biblia.work\/sermones\/gestion-de-los-bienes-eclesiasticos-al-servicio-de-la-mision-de-la-iglesia\/\" class=\"more-link\">Continuar leyendo<span class=\"screen-reader-text\"> \u00abGesti\u00f3n de los bienes eclesi\u00e1sticos al servicio de la misi\u00f3n de la Iglesia\u00bb<\/span><\/a><\/p>\n","protected":false},"author":1,"featured_media":0,"comment_status":"open","ping_status":"closed","sticky":false,"template":"","format":"standard","meta":{"footnotes":""},"categories":[1],"tags":[],"class_list":["post-37782","post","type-post","status-publish","format-standard","hentry","category-general"],"_links":{"self":[{"href":"https:\/\/www.biblia.work\/sermones\/wp-json\/wp\/v2\/posts\/37782","targetHints":{"allow":["GET"]}}],"collection":[{"href":"https:\/\/www.biblia.work\/sermones\/wp-json\/wp\/v2\/posts"}],"about":[{"href":"https:\/\/www.biblia.work\/sermones\/wp-json\/wp\/v2\/types\/post"}],"author":[{"embeddable":true,"href":"https:\/\/www.biblia.work\/sermones\/wp-json\/wp\/v2\/users\/1"}],"replies":[{"embeddable":true,"href":"https:\/\/www.biblia.work\/sermones\/wp-json\/wp\/v2\/comments?post=37782"}],"version-history":[{"count":0,"href":"https:\/\/www.biblia.work\/sermones\/wp-json\/wp\/v2\/posts\/37782\/revisions"}],"wp:attachment":[{"href":"https:\/\/www.biblia.work\/sermones\/wp-json\/wp\/v2\/media?parent=37782"}],"wp:term":[{"taxonomy":"category","embeddable":true,"href":"https:\/\/www.biblia.work\/sermones\/wp-json\/wp\/v2\/categories?post=37782"},{"taxonomy":"post_tag","embeddable":true,"href":"https:\/\/www.biblia.work\/sermones\/wp-json\/wp\/v2\/tags?post=37782"}],"curies":[{"name":"wp","href":"https:\/\/api.w.org\/{rel}","templated":true}]}}