{"id":37784,"date":"2016-06-21T15:01:45","date_gmt":"2016-06-21T20:01:45","guid":{"rendered":"http:\/\/www.biblia.work\/sermones\/el-espanol-enrique-llano-en-la-nueva-secretaria-de-economia-de-la-santa-sede\/"},"modified":"2016-06-21T15:01:45","modified_gmt":"2016-06-21T20:01:45","slug":"el-espanol-enrique-llano-en-la-nueva-secretaria-de-economia-de-la-santa-sede","status":"publish","type":"post","link":"https:\/\/www.biblia.work\/sermones\/el-espanol-enrique-llano-en-la-nueva-secretaria-de-economia-de-la-santa-sede\/","title":{"rendered":"El espa\u00f1ol Enrique Llano, en la nueva Secretar\u00eda de Econom\u00eda de la Santa Sede"},"content":{"rendered":"<p align=\"justify\">El espa\u00f1ol Enrique Llano, en la nueva Secretar\u00eda de Econom\u00eda de la Santa Sede<\/p>\n<p align=\"justify\">El Papa Francisco realiza, con fecha 8 de marzo, los nombramientos de los miembros del Consejo de la Secretar\u00eda de Econom\u00eda de la Santa Sede, organismo creado el 24 de febrero. El cardenal australiano Georges Pell ser\u00e1 su presidente y el sacerdote malt\u00e9s Alfred Xuereb, secretario personal, a su vez, del Santo Padre, el prelado secretario general. Ambos nombramientos fueron\u00a0 hechos p\u00fablicos d\u00edas atr\u00e1s.<\/p>\n<p align=\"justify\">Ahora se ha informado de los miembros o vocales del citado consejo: ocho cardenales (\u00a0Marx, Cipriani, Di Nardo, Napier, Ricard, Rivera, Tong Hon y Vallini)\u00a0 y siete laicos. Entre estos \u00faltimos se halla el espa\u00f1ol Enrique Llano Cueto, asturiano, economista, censor jurado de cuentas, que ha trabajado en distintas empresas y que en julio pasado ya fue nombrado por el Papa miembro de la Comisi\u00f3n Pontificia para racionalizar los gastos del Vaticano.<\/p>\n","protected":false},"excerpt":{"rendered":"<p>El espa\u00f1ol Enrique Llano, en la nueva Secretar\u00eda de Econom\u00eda de la Santa Sede El Papa Francisco realiza, con fecha 8 de marzo, los nombramientos de los miembros del Consejo de la Secretar\u00eda de Econom\u00eda de la Santa Sede, organismo creado el 24 de febrero. El cardenal australiano Georges Pell ser\u00e1 su presidente y el &hellip; <a href=\"https:\/\/www.biblia.work\/sermones\/el-espanol-enrique-llano-en-la-nueva-secretaria-de-economia-de-la-santa-sede\/\" class=\"more-link\">Continuar leyendo<span class=\"screen-reader-text\"> \u00abEl espa\u00f1ol Enrique Llano, en la nueva Secretar\u00eda de Econom\u00eda de la Santa Sede\u00bb<\/span><\/a><\/p>\n","protected":false},"author":1,"featured_media":0,"comment_status":"open","ping_status":"closed","sticky":false,"template":"","format":"standard","meta":{"footnotes":""},"categories":[1],"tags":[],"class_list":["post-37784","post","type-post","status-publish","format-standard","hentry","category-general"],"_links":{"self":[{"href":"https:\/\/www.biblia.work\/sermones\/wp-json\/wp\/v2\/posts\/37784","targetHints":{"allow":["GET"]}}],"collection":[{"href":"https:\/\/www.biblia.work\/sermones\/wp-json\/wp\/v2\/posts"}],"about":[{"href":"https:\/\/www.biblia.work\/sermones\/wp-json\/wp\/v2\/types\/post"}],"author":[{"embeddable":true,"href":"https:\/\/www.biblia.work\/sermones\/wp-json\/wp\/v2\/users\/1"}],"replies":[{"embeddable":true,"href":"https:\/\/www.biblia.work\/sermones\/wp-json\/wp\/v2\/comments?post=37784"}],"version-history":[{"count":0,"href":"https:\/\/www.biblia.work\/sermones\/wp-json\/wp\/v2\/posts\/37784\/revisions"}],"wp:attachment":[{"href":"https:\/\/www.biblia.work\/sermones\/wp-json\/wp\/v2\/media?parent=37784"}],"wp:term":[{"taxonomy":"category","embeddable":true,"href":"https:\/\/www.biblia.work\/sermones\/wp-json\/wp\/v2\/categories?post=37784"},{"taxonomy":"post_tag","embeddable":true,"href":"https:\/\/www.biblia.work\/sermones\/wp-json\/wp\/v2\/tags?post=37784"}],"curies":[{"name":"wp","href":"https:\/\/api.w.org\/{rel}","templated":true}]}}