{"id":37786,"date":"2016-06-21T15:01:58","date_gmt":"2016-06-21T20:01:58","guid":{"rendered":"http:\/\/www.biblia.work\/sermones\/el-papa-francisco-abre-al-publico-los-jardines-de-castel-gandolfo\/"},"modified":"2016-06-21T15:01:58","modified_gmt":"2016-06-21T20:01:58","slug":"el-papa-francisco-abre-al-publico-los-jardines-de-castel-gandolfo","status":"publish","type":"post","link":"https:\/\/www.biblia.work\/sermones\/el-papa-francisco-abre-al-publico-los-jardines-de-castel-gandolfo\/","title":{"rendered":"El Papa Francisco abre al p\u00fablico los jardines de Castel Gandolfo"},"content":{"rendered":"<p align=\"justify\"><b>El Papa Francisco abre al p\u00fablico los jardines de Castel Gandolfo<\/b><\/p>\n<p align=\"justify\">Por decisi\u00f3n del Papa Francisco los jardines de las Villas Pontificias de Castel Gandolfo se abren para todos a partir de este mes de marzo. Ya desde el pasado s\u00e1bado se puede visitar el Jard\u00edn Barberini, un escenario con paisajes naturales y restos arqueol\u00f3gicos de gran belleza: el Paseo de las Rosas, el de las Hierbas arom\u00e1ticas, el de los Nen\u00fafares, el Jard\u00edn de la Magnolia, la plazoleta de los Robles, y el Belvedere desde el que la vista se extiende sobre la regi\u00f3n del Lacio hasta llegar al mar. En la zona de la Villa Barberini, surg\u00eda, adem\u00e1s, la residencia del emperador Domiciano, que se asomaba al lago de Albano. Las ruinas del teatro imperial o del criptop\u00f3rtico de la villa imperial acoger\u00e1n ahora a los visitantes.<\/p>\n<p align=\"justify\">Las Villas Pontificias de Castel Gandolfo ocupan una superficie de 55 hect\u00e1reas en la zona de los \u201cCastillos Romanos\u201d, en provincia de Roma y est\u00e1n incluidas en las zonas extraterritoriales de la Santa Sede en Italia. Se otorgaron a la Santa Sede con los Pactos Lateranenses en 1929 ya que constituyen la residencia suburbana frecuentada por los papas desde el pontificado de Urbano VIII en el siglo XVII.<\/p>\n<p align=\"justify\">Los jardines de Castel Gandolfo est\u00e1n abiertos al p\u00fablico de lunes a s\u00e1bado por la ma\u00f1ana y la reserva se puede hacer en la web de los Museos Vaticanos.<\/p>\n<p align=\"justify\">Ciudad del Vaticano, 4 marzo 2014 (VIS).-<\/p>\n","protected":false},"excerpt":{"rendered":"<p>El Papa Francisco abre al p\u00fablico los jardines de Castel Gandolfo Por decisi\u00f3n del Papa Francisco los jardines de las Villas Pontificias de Castel Gandolfo se abren para todos a partir de este mes de marzo. Ya desde el pasado s\u00e1bado se puede visitar el Jard\u00edn Barberini, un escenario con paisajes naturales y restos arqueol\u00f3gicos &hellip; <a href=\"https:\/\/www.biblia.work\/sermones\/el-papa-francisco-abre-al-publico-los-jardines-de-castel-gandolfo\/\" class=\"more-link\">Continuar leyendo<span class=\"screen-reader-text\"> \u00abEl Papa Francisco abre al p\u00fablico los jardines de Castel Gandolfo\u00bb<\/span><\/a><\/p>\n","protected":false},"author":1,"featured_media":0,"comment_status":"open","ping_status":"closed","sticky":false,"template":"","format":"standard","meta":{"footnotes":""},"categories":[1],"tags":[],"class_list":["post-37786","post","type-post","status-publish","format-standard","hentry","category-general"],"_links":{"self":[{"href":"https:\/\/www.biblia.work\/sermones\/wp-json\/wp\/v2\/posts\/37786","targetHints":{"allow":["GET"]}}],"collection":[{"href":"https:\/\/www.biblia.work\/sermones\/wp-json\/wp\/v2\/posts"}],"about":[{"href":"https:\/\/www.biblia.work\/sermones\/wp-json\/wp\/v2\/types\/post"}],"author":[{"embeddable":true,"href":"https:\/\/www.biblia.work\/sermones\/wp-json\/wp\/v2\/users\/1"}],"replies":[{"embeddable":true,"href":"https:\/\/www.biblia.work\/sermones\/wp-json\/wp\/v2\/comments?post=37786"}],"version-history":[{"count":0,"href":"https:\/\/www.biblia.work\/sermones\/wp-json\/wp\/v2\/posts\/37786\/revisions"}],"wp:attachment":[{"href":"https:\/\/www.biblia.work\/sermones\/wp-json\/wp\/v2\/media?parent=37786"}],"wp:term":[{"taxonomy":"category","embeddable":true,"href":"https:\/\/www.biblia.work\/sermones\/wp-json\/wp\/v2\/categories?post=37786"},{"taxonomy":"post_tag","embeddable":true,"href":"https:\/\/www.biblia.work\/sermones\/wp-json\/wp\/v2\/tags?post=37786"}],"curies":[{"name":"wp","href":"https:\/\/api.w.org\/{rel}","templated":true}]}}