{"id":37797,"date":"2016-06-21T15:02:52","date_gmt":"2016-06-21T20:02:52","guid":{"rendered":"http:\/\/www.biblia.work\/sermones\/carta-de-aclaraciones-de-benedicto-xvi-al-periodico-italiano-la-stampa\/"},"modified":"2016-06-21T15:02:52","modified_gmt":"2016-06-21T20:02:52","slug":"carta-de-aclaraciones-de-benedicto-xvi-al-periodico-italiano-la-stampa","status":"publish","type":"post","link":"https:\/\/www.biblia.work\/sermones\/carta-de-aclaraciones-de-benedicto-xvi-al-periodico-italiano-la-stampa\/","title":{"rendered":"Carta de aclaraciones de Benedicto XVI al peri\u00f3dico italiano La Stampa"},"content":{"rendered":"<p align=\"justify\">Carta de aclaraciones de Benedicto XVI al peri\u00f3dico italiano La Stampa<\/p>\n<p align=\"justify\">El papa em\u00e9rito Benedicto contest\u00f3 por carta las preguntas del periodista Andrea Tornielli, del diario La Stampa, en la que asegur\u00f3 que &#8220;no existe la menor duda sobre la validez de mi renuncia al ministerio petrino&#8221; y rechaz\u00f3 por \u201csimplemente absurdas\u201d las especulaciones que se hicieron sobre sus posibles motivaciones.\u00a0<\/p>\n<p align=\"justify\">El periodista explica en un art\u00edculo que Joseph Ratzinger aclara que en la Iglesia no existe ninguna &#8220;diarqu\u00eda&#8221;, ning\u00fan doble gobierno y sostiene que su &#8220;\u00fanico y \u00faltimo objetivo&#8221; es rezar por el pontificado de Francisco.<\/p>\n<p align=\"justify\">&#8220;De forma sint\u00e9tica pero muy precisa, Ratzinger desminti\u00f3 los presuntos contextos secretos de la renuncia, e invit\u00f3 a no adjudicar significados impropios a algunas decisiones que tom\u00f3, como la de mantener el h\u00e1bito blanco incluso despu\u00e9s de haber dejado el ministerio del obispo de Roma&#8221;, indic\u00f3 Tornielli.<\/p>\n<p align=\"justify\">El periodista considera que las palabras de Benedicto XVI sobre su voluntad de permanecer &#8220;en el recinto de San Pedro&#8221; fueron las que provocaron versiones disparatadas en cuanto a las razones y libertad de su renuncia, y hasta de su validez.<\/p>\n<p align=\"justify\">&#8220;No existe la menor duda -subray\u00f3 el Papa en la carta- sobre la validez de mi renuncia al ministerio petrino. \u00danica condici\u00f3n de la validez es la plena libertad de la decisi\u00f3n. Las especulaciones sobre la invalidez de la renuncia son simplemente absurdas&#8221;.<\/p>\n<p align=\"justify\">En la carta, el Papa em\u00e9rito respondi\u00f3 tambi\u00e9n sobre el significado del vestido blanco y del nombre papal. &#8220;Mantener el h\u00e1bito blanco y el nombre Benedicto es una cosa simplemente pr\u00e1ctica. Al momento de la renuncia no hab\u00eda otros vestidos a disposici\u00f3n. Por lo dem\u00e1s, llevo el h\u00e1bito blanco de forma claramente diferente al del Papa. Tambi\u00e9n aqu\u00ed se trata de especulaciones sin el m\u00ednimo fundamento&#8221;.<\/p>\n<p align=\"justify\">Benedicto XVI tambi\u00e9n confirm\u00f3 la carta enviada al te\u00f3logo suizo Hans Kung, en la que aseguraba que est\u00e1 unido a Francisco &#8220;por una gran identidad de visi\u00f3n y por una amistad de coraz\u00f3n&#8221; y que su \u00fanica y \u00faltima tarea &#8220;es apoyar su pontificado en la oraci\u00f3n&#8221;.<\/p>\n","protected":false},"excerpt":{"rendered":"<p>Carta de aclaraciones de Benedicto XVI al peri\u00f3dico italiano La Stampa El papa em\u00e9rito Benedicto contest\u00f3 por carta las preguntas del periodista Andrea Tornielli, del diario La Stampa, en la que asegur\u00f3 que &#8220;no existe la menor duda sobre la validez de mi renuncia al ministerio petrino&#8221; y rechaz\u00f3 por \u201csimplemente absurdas\u201d las especulaciones que &hellip; <a href=\"https:\/\/www.biblia.work\/sermones\/carta-de-aclaraciones-de-benedicto-xvi-al-periodico-italiano-la-stampa\/\" class=\"more-link\">Continuar leyendo<span class=\"screen-reader-text\"> \u00abCarta de aclaraciones de Benedicto XVI al peri\u00f3dico italiano La Stampa\u00bb<\/span><\/a><\/p>\n","protected":false},"author":1,"featured_media":0,"comment_status":"open","ping_status":"closed","sticky":false,"template":"","format":"standard","meta":{"footnotes":""},"categories":[1],"tags":[],"class_list":["post-37797","post","type-post","status-publish","format-standard","hentry","category-general"],"_links":{"self":[{"href":"https:\/\/www.biblia.work\/sermones\/wp-json\/wp\/v2\/posts\/37797","targetHints":{"allow":["GET"]}}],"collection":[{"href":"https:\/\/www.biblia.work\/sermones\/wp-json\/wp\/v2\/posts"}],"about":[{"href":"https:\/\/www.biblia.work\/sermones\/wp-json\/wp\/v2\/types\/post"}],"author":[{"embeddable":true,"href":"https:\/\/www.biblia.work\/sermones\/wp-json\/wp\/v2\/users\/1"}],"replies":[{"embeddable":true,"href":"https:\/\/www.biblia.work\/sermones\/wp-json\/wp\/v2\/comments?post=37797"}],"version-history":[{"count":0,"href":"https:\/\/www.biblia.work\/sermones\/wp-json\/wp\/v2\/posts\/37797\/revisions"}],"wp:attachment":[{"href":"https:\/\/www.biblia.work\/sermones\/wp-json\/wp\/v2\/media?parent=37797"}],"wp:term":[{"taxonomy":"category","embeddable":true,"href":"https:\/\/www.biblia.work\/sermones\/wp-json\/wp\/v2\/categories?post=37797"},{"taxonomy":"post_tag","embeddable":true,"href":"https:\/\/www.biblia.work\/sermones\/wp-json\/wp\/v2\/tags?post=37797"}],"curies":[{"name":"wp","href":"https:\/\/api.w.org\/{rel}","templated":true}]}}