{"id":37799,"date":"2016-06-21T15:03:01","date_gmt":"2016-06-21T20:03:01","guid":{"rendered":"http:\/\/www.biblia.work\/sermones\/el-presidente-de-haiti-michel-joseph-martelly-es-recibido-por-el-papa-francisco\/"},"modified":"2016-06-21T15:03:01","modified_gmt":"2016-06-21T20:03:01","slug":"el-presidente-de-haiti-michel-joseph-martelly-es-recibido-por-el-papa-francisco","status":"publish","type":"post","link":"https:\/\/www.biblia.work\/sermones\/el-presidente-de-haiti-michel-joseph-martelly-es-recibido-por-el-papa-francisco\/","title":{"rendered":"El presidente de Hait\u00ed, Michel Joseph Martelly, es recibido por el Papa Francisco"},"content":{"rendered":"<p align=\"justify\"><b>El presidente<\/b> <b>de Hait\u00ed, Michel Joseph Martelly, es recibido por el Papa Francisco<\/b><\/p>\n<p align=\"justify\">Reconstrucci\u00f3n y reconciliaci\u00f3n: temas clave de la audiencia al presidente de Hait\u00ed<\/p>\n<p align=\"justify\">El presidente <b>de Hait\u00ed, Michel Joseph Martelly<\/b>, ha sido recibido esta ma\u00f1ana en el Palacio Apost\u00f3lico por el Santo Padre y, a continuaci\u00f3n, se ha entrevistado con el cardenal Pietro Parolin, Secretario de Estado a quien acompa\u00f1aba el arzobispo Dominique Mamberti, Secretario para las Relaciones con los Estados.<\/p>\n<p align=\"justify\">Durante las conversaciones , que han transcurrido en una atm\u00f3sfera de cordialidad, se ha puesto de relieve el aprecio por las buenas relaciones entre Hait\u00ed y la Santa Sede, subrayando la preciosa aportaci\u00f3n social que la Iglesia Cat\u00f3lica ofrece al pa\u00eds, sobre todo en los \u00e1mbitos de la educaci\u00f3n y la sanidad, as\u00ed como en el sector de la caridad.<\/p>\n<p align=\"justify\">Asimismo se ha hecho hincapi\u00e9 en la importancia de continuar los esfuerzos de reconstrucci\u00f3n del pa\u00eds y de favorecer un di\u00e1logo sincero entre las diversas fuerzas institucionales para la reconciliaci\u00f3n y el bien com\u00fan, tanto fuera como dentro de esa naci\u00f3n.<\/p>\n<p align=\"justify\">Ciudad del Vaticano, 24 febrero 2014 (VIS).-<\/p>\n","protected":false},"excerpt":{"rendered":"<p>El presidente de Hait\u00ed, Michel Joseph Martelly, es recibido por el Papa Francisco Reconstrucci\u00f3n y reconciliaci\u00f3n: temas clave de la audiencia al presidente de Hait\u00ed El presidente de Hait\u00ed, Michel Joseph Martelly, ha sido recibido esta ma\u00f1ana en el Palacio Apost\u00f3lico por el Santo Padre y, a continuaci\u00f3n, se ha entrevistado con el cardenal Pietro &hellip; <a href=\"https:\/\/www.biblia.work\/sermones\/el-presidente-de-haiti-michel-joseph-martelly-es-recibido-por-el-papa-francisco\/\" class=\"more-link\">Continuar leyendo<span class=\"screen-reader-text\"> \u00abEl presidente de Hait\u00ed, Michel Joseph Martelly, es recibido por el Papa Francisco\u00bb<\/span><\/a><\/p>\n","protected":false},"author":1,"featured_media":0,"comment_status":"open","ping_status":"closed","sticky":false,"template":"","format":"standard","meta":{"footnotes":""},"categories":[1],"tags":[],"class_list":["post-37799","post","type-post","status-publish","format-standard","hentry","category-general"],"_links":{"self":[{"href":"https:\/\/www.biblia.work\/sermones\/wp-json\/wp\/v2\/posts\/37799","targetHints":{"allow":["GET"]}}],"collection":[{"href":"https:\/\/www.biblia.work\/sermones\/wp-json\/wp\/v2\/posts"}],"about":[{"href":"https:\/\/www.biblia.work\/sermones\/wp-json\/wp\/v2\/types\/post"}],"author":[{"embeddable":true,"href":"https:\/\/www.biblia.work\/sermones\/wp-json\/wp\/v2\/users\/1"}],"replies":[{"embeddable":true,"href":"https:\/\/www.biblia.work\/sermones\/wp-json\/wp\/v2\/comments?post=37799"}],"version-history":[{"count":0,"href":"https:\/\/www.biblia.work\/sermones\/wp-json\/wp\/v2\/posts\/37799\/revisions"}],"wp:attachment":[{"href":"https:\/\/www.biblia.work\/sermones\/wp-json\/wp\/v2\/media?parent=37799"}],"wp:term":[{"taxonomy":"category","embeddable":true,"href":"https:\/\/www.biblia.work\/sermones\/wp-json\/wp\/v2\/categories?post=37799"},{"taxonomy":"post_tag","embeddable":true,"href":"https:\/\/www.biblia.work\/sermones\/wp-json\/wp\/v2\/tags?post=37799"}],"curies":[{"name":"wp","href":"https:\/\/api.w.org\/{rel}","templated":true}]}}