{"id":37800,"date":"2016-06-21T15:03:09","date_gmt":"2016-06-21T20:03:09","guid":{"rendered":"http:\/\/www.biblia.work\/sermones\/nueva-estructura-de-coordinacion-de-los-asuntos-economicos-y-administrativos-de-la-santa-sede\/"},"modified":"2016-06-21T15:03:09","modified_gmt":"2016-06-21T20:03:09","slug":"nueva-estructura-de-coordinacion-de-los-asuntos-economicos-y-administrativos-de-la-santa-sede","status":"publish","type":"post","link":"https:\/\/www.biblia.work\/sermones\/nueva-estructura-de-coordinacion-de-los-asuntos-economicos-y-administrativos-de-la-santa-sede\/","title":{"rendered":"Nueva estructura de coordinaci\u00f3n de los asuntos econ\u00f3micos y administrativos de la Santa Sede"},"content":{"rendered":"<p align=\"justify\"><b>Nueva estructura de coordinaci\u00f3n de los asuntos econ\u00f3micos y administrativos de la Santa Sede <\/b><\/p>\n<p align=\"justify\">Nueva estructura de coordinaci\u00f3n de los asuntos econ\u00f3micos y administrativos de la Santa Sede y del Estado de la Ciudad del Vaticano<\/p>\n<p align=\"justify\">El <b>Santo Padre ha decidido constituir una nueva estructura de coordinaci\u00f3n de los asuntos econ\u00f3micos y administrativos de la Santa Sede<\/b> y del Estado de la Ciudad del Vaticano, seg\u00fan informa un comunicado de la Oficina de Prensa de la Santa Sede que reproducimos a continuaci\u00f3n:<\/p>\n<p align=\"justify\">\u201cEl anuncio de hoy se produce tras las recomendaciones de la rigurosa revisi\u00f3n llevada a cabo por la Comisi\u00f3n Referente de Estudio y de Gu\u00eda de la Organizaci\u00f3n de la Estructura Econ\u00f3mica &#8211; Administrativa de la Santa Sede (COSEA). Dichas recomendaciones han sido examinadas y aprobados sea por el Consejo de Cardenales, establecido para asesorar al Santo Padre sobre la reforma de la Curia Romana, que por el Consejo de 15 cardenales \u201cpara el estudio de los problemas organizativos y econ\u00f3micos de la Santa Sede&#8221;.<\/p>\n<p align=\"justify\">La COSEA recomendaba cambios para simplificar y consolidar las estructuras de gesti\u00f3n existentes y mejorar la coordinaci\u00f3n y supervisi\u00f3n en toda la Santa Sede y el Estado de la Ciudad del Vaticano y aconsejaba un compromiso expl\u00edcito en la adopci\u00f3n de principios de contabilidad y de gesti\u00f3n financiera aceptados generalmente, as\u00ed como en la presentaci\u00f3n de informes financieros , controles internos avanzados, transparencia y gobierno.<\/p>\n<p align=\"justify\">Los cambios permitir\u00e1n una participaci\u00f3n m\u00e1s expl\u00edcita de expertos de alto nivel con experiencia en gesti\u00f3n financiera, planificaci\u00f3n y presentaci\u00f3n de informes. Asimismo garantizar\u00e1n un uso m\u00e1s eficaz de los recursos, mejorando el soporte disponible para varios programas, en particular los destinados a los pobres y marginados.<\/p>\n<p align=\"justify\"><b>Los cambios anunciadas por el Santo Padre son:<\/b><\/p>\n<p align=\"justify\">1 . La instituci\u00f3n de una nueva Secretar\u00eda de Econom\u00eda, que tendr\u00e1 autoridad sobre todas las actividades econ\u00f3micas y administrativas dentro de la Santa Sede y del Estado de la Ciudad del Vaticano . La Secretar\u00eda ser\u00e1 responsable, entre otras cosas, de la preparaci\u00f3n de un presupuesto anual para la Santa Sede y del Estado de la Ciudad del Vaticano , as\u00ed como de la planificaci\u00f3n financiera y las diversas funciones de soporte , como los recursos humanos y el aprovisionamiento. La Secretar\u00eda preparar\u00e1 tambi\u00e9n un balance detallado de la Santa Sede y del Estado de la Ciudad del Vaticano .<\/p>\n<p align=\"justify\">2 . La Secretar\u00eda de Econom\u00eda actuar\u00e1 las directrices formuladas por un nuevo Consejo de Econom\u00eda : un Consejo de 15 miembros, compuesto por ocho cardenales u obispos , que refleja la universalidad de la Iglesia, y por siete expertos laicos de diversas nacionalidades de reconocida experiencia financiera y profesionalidad. El Consejo se reunir\u00e1 peri\u00f3dicamente para evaluar directrices y pr\u00e1cticas concretas y preparar y analizar los informes sobre las actividades econ\u00f3mico-administrativas de la Santa Sede .<\/p>\n<p align=\"justify\">3 . La Secretar\u00eda de Econom\u00eda estar\u00e1 dirigida por un Cardenal Prefecto que se remitir\u00e1 al Consejo de Econom\u00eda . Un Secretario General colaborar\u00e1 con el Cardenal Prefecto en la gesti\u00f3n de las actividades diarias.<\/p>\n<p align=\"justify\">4 . El Santo Padre ha nombrado al cardenal George Pell, actualmente arzobispo de Sydney , Australia , como Prefecto de la Secretar\u00eda de Econom\u00eda.<\/p>\n<p align=\"justify\">5 . Las nuevas disposiciones incluyen tambi\u00e9n el nombramiento de un Auditor General ,designado por el Santo Padre, que estar\u00e1 dotado de la facultad de llevar a cabo auditor\u00edas de cualquier organismo o instituci\u00f3n de la Santa Sede y del Estado de la Ciudad del Vaticano .<\/p>\n<p align=\"justify\">6 .Los cambios confirmar\u00e1n el papel del APSA como el Banco Central del Vaticano, con todas las obligaciones y responsabilidades de las instituciones similares en todo el mundo.<\/p>\n<p align=\"justify\">7 . La AIF seguir\u00e1 desempe\u00f1ando su papel actual y fundamental de supervisi\u00f3n prudencial y regulaci\u00f3n de las actividades dentro de la Santa Sede y el Estado de la Ciudad del Vaticano .<\/p>\n<p align=\"justify\">Se ha solicitado al Prefecto de la nueva Secretar\u00eda de Econom\u00eda que inicie su tarea lo m\u00e1s pronto posible . \u00c9l Prefecto preparar\u00e1 los Estatutos definitivos y las otras cuestiones relacionadas con la asistencia de los asesores necesarios y trabajar\u00e1 con la COSEA para completar la aplicaci\u00f3n de estas disposiciones aprobadas por el Santo Padre.<\/p>\n<p align=\"justify\">Ciudad del Vaticano, 24 febrero 2014 (VIS).-<\/p>\n","protected":false},"excerpt":{"rendered":"<p>Nueva estructura de coordinaci\u00f3n de los asuntos econ\u00f3micos y administrativos de la Santa Sede Nueva estructura de coordinaci\u00f3n de los asuntos econ\u00f3micos y administrativos de la Santa Sede y del Estado de la Ciudad del Vaticano El Santo Padre ha decidido constituir una nueva estructura de coordinaci\u00f3n de los asuntos econ\u00f3micos y administrativos de la &hellip; <a href=\"https:\/\/www.biblia.work\/sermones\/nueva-estructura-de-coordinacion-de-los-asuntos-economicos-y-administrativos-de-la-santa-sede\/\" class=\"more-link\">Continuar leyendo<span class=\"screen-reader-text\"> \u00abNueva estructura de coordinaci\u00f3n de los asuntos econ\u00f3micos y administrativos de la Santa Sede\u00bb<\/span><\/a><\/p>\n","protected":false},"author":1,"featured_media":0,"comment_status":"open","ping_status":"closed","sticky":false,"template":"","format":"standard","meta":{"footnotes":""},"categories":[1],"tags":[],"class_list":["post-37800","post","type-post","status-publish","format-standard","hentry","category-general"],"_links":{"self":[{"href":"https:\/\/www.biblia.work\/sermones\/wp-json\/wp\/v2\/posts\/37800","targetHints":{"allow":["GET"]}}],"collection":[{"href":"https:\/\/www.biblia.work\/sermones\/wp-json\/wp\/v2\/posts"}],"about":[{"href":"https:\/\/www.biblia.work\/sermones\/wp-json\/wp\/v2\/types\/post"}],"author":[{"embeddable":true,"href":"https:\/\/www.biblia.work\/sermones\/wp-json\/wp\/v2\/users\/1"}],"replies":[{"embeddable":true,"href":"https:\/\/www.biblia.work\/sermones\/wp-json\/wp\/v2\/comments?post=37800"}],"version-history":[{"count":0,"href":"https:\/\/www.biblia.work\/sermones\/wp-json\/wp\/v2\/posts\/37800\/revisions"}],"wp:attachment":[{"href":"https:\/\/www.biblia.work\/sermones\/wp-json\/wp\/v2\/media?parent=37800"}],"wp:term":[{"taxonomy":"category","embeddable":true,"href":"https:\/\/www.biblia.work\/sermones\/wp-json\/wp\/v2\/categories?post=37800"},{"taxonomy":"post_tag","embeddable":true,"href":"https:\/\/www.biblia.work\/sermones\/wp-json\/wp\/v2\/tags?post=37800"}],"curies":[{"name":"wp","href":"https:\/\/api.w.org\/{rel}","templated":true}]}}