{"id":37801,"date":"2016-06-21T15:03:13","date_gmt":"2016-06-21T20:03:13","guid":{"rendered":"http:\/\/www.biblia.work\/sermones\/motu-proprio-del-papa-francisco-para-la-gestion-economica-de-los-bienes-de-la-santa-sede\/"},"modified":"2016-06-21T15:03:13","modified_gmt":"2016-06-21T20:03:13","slug":"motu-proprio-del-papa-francisco-para-la-gestion-economica-de-los-bienes-de-la-santa-sede","status":"publish","type":"post","link":"https:\/\/www.biblia.work\/sermones\/motu-proprio-del-papa-francisco-para-la-gestion-economica-de-los-bienes-de-la-santa-sede\/","title":{"rendered":"Motu proprio del Papa Francisco para la gesti\u00f3n econ\u00f3mica de los bienes de la Santa Sede"},"content":{"rendered":"<p align=\"justify\"><strong>Motu proprio del Papa Francisco para la gesti\u00f3n econ\u00f3mica de los bienes de la Santa Sede<\/strong><\/p>\n<p align=\"justify\">Publicamos a continuaci\u00f3n el Motu Proprio del Papa Francisco \u201cFidelis dispensator et Prudens\u201d, fechado hoy, 24 de febrero.<\/p>\n<p align=\"justify\">\u201cDel mismo modo que el administrador fiel y prudente tiene la tarea de cuidar atentamente lo que le ha sido confiado, as\u00ed la Iglesia es consciente de la responsabilidad de proteger y gestionar con atenci\u00f3n sus bienes, a la luz de su misi\u00f3n de evangelizaci\u00f3n y con una atenci\u00f3n especial a los m\u00e1s necesitados . En particular, la gesti\u00f3n de los sectores econ\u00f3micos y financieros de la Santa Sede est\u00e1 estrechamente ligada a su misi\u00f3n espec\u00edfica, no s\u00f3lo al servicio del ministerio universal del Santo Padre , sino tambi\u00e9n en relaci\u00f3n con el bien com\u00fan, en la perspectiva del desarrollo integral de la persona humana.<\/p>\n<p align=\"justify\">Despu\u00e9s de considerar atentamente los resultados del trabajo de la Comisi\u00f3n referente de estudio y gu\u00eda sobre organizaci\u00f3n de la estructura econ\u00f3mica &#8211; administrativa de la Santa Sede ( cf. Quir\u00f3grafo de 18 de julio de 2013) , previa consulta con el Consejo de Cardenales para la reforma de la Constituci\u00f3n Apost\u00f3lica \u201cPastor Bonus\u201d y con el Consejo de Cardenales para el estudio de los problemas organizativos y econ\u00f3micos de la Santa Sede , con esta Carta Apost\u00f3lica en forma de Motu Proprio establezco lo siguiente:<\/p>\n<p align=\"justify\">CONSEJO PARA LA ECONOM\u00cdA<\/p>\n<p align=\"justify\">1.- Se establece el Consejo de Econom\u00eda , con la tarea de proporcionar orientaci\u00f3n sobre la gesti\u00f3n econ\u00f3mica y de supervisar las estructuras y las actividades administrativas y financieras de los dicasterios de la Curia Romana, de las instituciones relacionadas con la Santa Sede y del Estado de la Ciudad del Vaticano .<\/p>\n<p align=\"justify\">2 . El Consejo de Econom\u00eda se compone de quince miembros, ocho de los cuales son elegidos de entre los cardenales y obispos para reflejar la universalidad de la Iglesia y siete laicos expertos de varias nacionalidades con competencia financiera y profesionalidad reconocidas.<\/p>\n<p align=\"justify\">3 . El Consejo de Econom\u00eda est\u00e1 presidida por un cardenal coordinador.<\/p>\n<p align=\"justify\">SECRETARIA DE ECONOM\u00cdA<\/p>\n<p align=\"justify\">4 .- Se establece la Secretar\u00eda de Econom\u00eda , como dicasterio de la Curia Romana de acuerdo con la Constituci\u00f3n Apost\u00f3lica Pastor Bonus .<\/p>\n<p align=\"justify\">5 . Teniendo en cuenta lo establecido por el Consejo de Econom\u00eda , la Secretar\u00eda responde directamente al Santo Padre y lleva a cabo el control econ\u00f3mico y la supervisi\u00f3n de los entes, contemplados en el apartado 1, as\u00ed como las pol\u00edticas y procedimientos relativos a la adquisici\u00f3n y la asignaci\u00f3n adecuada de los recursos humanos , en el respeto de las competencias propias de cada ente . La competencia de la Secretar\u00eda , por tanto, se extiende a todo lo que de alguna manera entra en el \u00e1mbito en cuesti\u00f3n.<\/p>\n<p align=\"justify\">6 . La Secretar\u00eda de Econom\u00eda est\u00e1 presidida por un Cardenal Prefecto, el cual colabora con el Secretario de Estado . Un Prelado Secretario General tiene la tarea de ayudar al Cardenal Prefecto .<\/p>\n<p align=\"justify\">AUDITOR GENERAL<\/p>\n<p align=\"justify\">7 . El Auditor General es nombrado por el Santo Padre y tiene la tarea de llevar a cabo la revisi\u00f3n contable (auditor\u00eda ) de los entes mencionados en el apartado 1 .<\/p>\n<p align=\"justify\">LOS ESTATUTOS<\/p>\n<p align=\"justify\">8 . El Cardenal Prefecto es responsable de la redacci\u00f3n de los Estatutos definitivos del Consejo de Econom\u00eda ,de la Secretar\u00eda de Econom\u00eda y de la Oficina del Auditor General. Los Estatutos se presentar\u00e1n quam primum a la aprobaci\u00f3n del Santo Padre .<\/p>\n<p align=\"justify\">Dispongo que cuanto establecido tenga un valor inmediato , pleno y duradero , incluso mediante la abrogaci\u00f3n de todas las disposiciones incompatibles y que la presente Carta Apost\u00f3lica en forma de Motu Proprio se publique en &#8221; L&#8217; Osservatore Romano&#8221; del 24 de febrero de 2014, y en los Acta Apostolicae Sedis .<\/p>\n<p align=\"justify\">&nbsp;<\/p>\n<p align=\"justify\">&nbsp;<\/p>\n","protected":false},"excerpt":{"rendered":"<p>Motu proprio del Papa Francisco para la gesti\u00f3n econ\u00f3mica de los bienes de la Santa Sede Publicamos a continuaci\u00f3n el Motu Proprio del Papa Francisco \u201cFidelis dispensator et Prudens\u201d, fechado hoy, 24 de febrero. \u201cDel mismo modo que el administrador fiel y prudente tiene la tarea de cuidar atentamente lo que le ha sido confiado, &hellip; <a href=\"https:\/\/www.biblia.work\/sermones\/motu-proprio-del-papa-francisco-para-la-gestion-economica-de-los-bienes-de-la-santa-sede\/\" class=\"more-link\">Continuar leyendo<span class=\"screen-reader-text\"> \u00abMotu proprio del Papa Francisco para la gesti\u00f3n econ\u00f3mica de los bienes de la Santa Sede\u00bb<\/span><\/a><\/p>\n","protected":false},"author":1,"featured_media":0,"comment_status":"open","ping_status":"closed","sticky":false,"template":"","format":"standard","meta":{"footnotes":""},"categories":[1],"tags":[],"class_list":["post-37801","post","type-post","status-publish","format-standard","hentry","category-general"],"_links":{"self":[{"href":"https:\/\/www.biblia.work\/sermones\/wp-json\/wp\/v2\/posts\/37801","targetHints":{"allow":["GET"]}}],"collection":[{"href":"https:\/\/www.biblia.work\/sermones\/wp-json\/wp\/v2\/posts"}],"about":[{"href":"https:\/\/www.biblia.work\/sermones\/wp-json\/wp\/v2\/types\/post"}],"author":[{"embeddable":true,"href":"https:\/\/www.biblia.work\/sermones\/wp-json\/wp\/v2\/users\/1"}],"replies":[{"embeddable":true,"href":"https:\/\/www.biblia.work\/sermones\/wp-json\/wp\/v2\/comments?post=37801"}],"version-history":[{"count":0,"href":"https:\/\/www.biblia.work\/sermones\/wp-json\/wp\/v2\/posts\/37801\/revisions"}],"wp:attachment":[{"href":"https:\/\/www.biblia.work\/sermones\/wp-json\/wp\/v2\/media?parent=37801"}],"wp:term":[{"taxonomy":"category","embeddable":true,"href":"https:\/\/www.biblia.work\/sermones\/wp-json\/wp\/v2\/categories?post=37801"},{"taxonomy":"post_tag","embeddable":true,"href":"https:\/\/www.biblia.work\/sermones\/wp-json\/wp\/v2\/tags?post=37801"}],"curies":[{"name":"wp","href":"https:\/\/api.w.org\/{rel}","templated":true}]}}