{"id":38277,"date":"2016-06-21T16:35:16","date_gmt":"2016-06-21T21:35:16","guid":{"rendered":"http:\/\/www.biblia.work\/sermones\/papa-francisco-a-las-hermandades-de-todo-el-mundo-autenticidad-evangelica-eclesialidad-ardor-misionero\/"},"modified":"2016-06-21T16:35:16","modified_gmt":"2016-06-21T21:35:16","slug":"papa-francisco-a-las-hermandades-de-todo-el-mundo-autenticidad-evangelica-eclesialidad-ardor-misionero","status":"publish","type":"post","link":"https:\/\/www.biblia.work\/sermones\/papa-francisco-a-las-hermandades-de-todo-el-mundo-autenticidad-evangelica-eclesialidad-ardor-misionero\/","title":{"rendered":"Papa Francisco a las Hermandades de todo el mundo: \u00abAutenticidad evang\u00e9lica, eclesialidad, ardor misionero\u00bb"},"content":{"rendered":"<p align=\"justify\">(RV).- Presidiendo con gran alegr\u00eda la Santa Misa, que culmina este VI domingo de Pascua, la peregrinaci\u00f3n de las Hermandades en el A\u00f1o de la Fe, el Obispo de Roma agradeci\u00f3 su importante testimonio y su numerosa presencia en la Plaza de San Pedro, en representaci\u00f3n de las que est\u00e1n difundidas en todo el mundo. Y ello a pesar de la lluvia, que cayendo por momentos no pudo \u2018aguar\u2019 la devoci\u00f3n y alegr\u00eda de estos miles de cofrades, que hab\u00edan empezado a llegar en procesi\u00f3n desde muy temprano, para la Misa del Papa con sus estandartes e im\u00e1genes. Una gran variedad de colores y signos de la piedad popular de la Iglesia universal.<\/p>\n<p align=\"justify\">Citando a Benedicto XVI, el Papa Francisco destac\u00f3 la importancia de la \u2018evangelicidad\u2019 de las Hermandades y de la riqueza de manifestaciones de la piedad popular, que los obispos latinoamericanos definen como una espiritualidad una m\u00edstica, un espacio de encuentro con Jesucristo. Amen a la Iglesia, d\u00e9jense guiar por ella alent\u00f3 el Santo Padre y, exhortando tambi\u00e9n a ser aut\u00e9nticos evangelizadores, a\u00f1adi\u00f3: \u00a1sean misioneros del amor y de la ternura de Dios!<\/p>\n<p align=\"justify\">Con estas palabras de aliento y esperanza el Santo Padre concluy\u00f3 su homil\u00eda:<\/p>\n<p align=\"justify\">&nbsp;<\/p>\n<p align=\"justify\">\u00abAutenticidad evang\u00e9lica, eclesialidad, ardor misionero. Pidamos al Se\u00f1or que oriente siempre nuestra mente y nuestro coraz\u00f3n hacia \u00c9l, como piedras vivas de la Iglesia, para que todas nuestras actividades, toda nuestra vida cristiana, sea un testimonio luminoso de su misericordia y de su amor. As\u00ed caminaremos hacia la meta de nuestra peregrinaci\u00f3n terrena, hacia la Jerusal\u00e9n del cielo. All\u00ed ya no hay ning\u00fan templo: Dios mismo y el Cordero son su templo; y la luz del sol y la luna ceden su puesto a la gloria del Alt\u00edsimo. Que as\u00ed sea\u00bb.<\/p>\n","protected":false},"excerpt":{"rendered":"<p>(RV).- Presidiendo con gran alegr\u00eda la Santa Misa, que culmina este VI domingo de Pascua, la peregrinaci\u00f3n de las Hermandades en el A\u00f1o de la Fe, el Obispo de Roma agradeci\u00f3 su importante testimonio y su numerosa presencia en la Plaza de San Pedro, en representaci\u00f3n de las que est\u00e1n difundidas en todo el mundo. &hellip; <a href=\"https:\/\/www.biblia.work\/sermones\/papa-francisco-a-las-hermandades-de-todo-el-mundo-autenticidad-evangelica-eclesialidad-ardor-misionero\/\" class=\"more-link\">Continuar leyendo<span class=\"screen-reader-text\"> \u00abPapa Francisco a las Hermandades de todo el mundo: \u00abAutenticidad evang\u00e9lica, eclesialidad, ardor misionero\u00bb\u00bb<\/span><\/a><\/p>\n","protected":false},"author":1,"featured_media":0,"comment_status":"open","ping_status":"closed","sticky":false,"template":"","format":"standard","meta":{"footnotes":""},"categories":[1],"tags":[],"class_list":["post-38277","post","type-post","status-publish","format-standard","hentry","category-general"],"_links":{"self":[{"href":"https:\/\/www.biblia.work\/sermones\/wp-json\/wp\/v2\/posts\/38277","targetHints":{"allow":["GET"]}}],"collection":[{"href":"https:\/\/www.biblia.work\/sermones\/wp-json\/wp\/v2\/posts"}],"about":[{"href":"https:\/\/www.biblia.work\/sermones\/wp-json\/wp\/v2\/types\/post"}],"author":[{"embeddable":true,"href":"https:\/\/www.biblia.work\/sermones\/wp-json\/wp\/v2\/users\/1"}],"replies":[{"embeddable":true,"href":"https:\/\/www.biblia.work\/sermones\/wp-json\/wp\/v2\/comments?post=38277"}],"version-history":[{"count":0,"href":"https:\/\/www.biblia.work\/sermones\/wp-json\/wp\/v2\/posts\/38277\/revisions"}],"wp:attachment":[{"href":"https:\/\/www.biblia.work\/sermones\/wp-json\/wp\/v2\/media?parent=38277"}],"wp:term":[{"taxonomy":"category","embeddable":true,"href":"https:\/\/www.biblia.work\/sermones\/wp-json\/wp\/v2\/categories?post=38277"},{"taxonomy":"post_tag","embeddable":true,"href":"https:\/\/www.biblia.work\/sermones\/wp-json\/wp\/v2\/tags?post=38277"}],"curies":[{"name":"wp","href":"https:\/\/api.w.org\/{rel}","templated":true}]}}