{"id":38278,"date":"2016-06-21T16:35:19","date_gmt":"2016-06-21T21:35:19","guid":{"rendered":"http:\/\/www.biblia.work\/sermones\/benedicto-xvi-contento-de-regresar-al-vaticano\/"},"modified":"2016-06-21T16:35:19","modified_gmt":"2016-06-21T21:35:19","slug":"benedicto-xvi-contento-de-regresar-al-vaticano","status":"publish","type":"post","link":"https:\/\/www.biblia.work\/sermones\/benedicto-xvi-contento-de-regresar-al-vaticano\/","title":{"rendered":"Benedicto XVI, contento de regresar al Vaticano"},"content":{"rendered":"<p align=\"justify\"><b>Benedicto XVI, contento de regresar al Vaticano<\/b><\/p>\n<p align=\"justify\">El Papa em\u00e9rito Benedicto XVI regres\u00f3 ayer tarde al Vaticano despu\u00e9s de dos meses en Castel Gandolfo.<\/p>\n<p align=\"justify\">Benedicto XVI lleg\u00f3 en helic\u00f3ptero al helipuerto vaticano poco despu\u00e9s de las 16,45, acompa\u00f1ado por el arzobispo Georg G\u00e4nswein, Prefecto de la Casa Pontificia, y fue acogido por los cardenales Angelo Sodano, Decano del Colegio Cardenalicio; Tarcisio Bertone, Secretario de Estado; Giuseppe Bertello, Presidente de la Gobernaci\u00f3n y por los arzobispos Angelo Becciu, Substituto de la Secretar\u00eda de Estado; Dominique Mamberti Secretario para las Relaciones con los Estados por el obispo Giuseppe Sciacca, Secretario General de la Gobernaci\u00f3n.<\/p>\n<p align=\"justify\">El Papa em\u00e9rito se traslad\u00f3 despu\u00e9s a su nueva residencia, el monasterio \u201cMater Ecclesiae\u201d. A la entrada le esperaba el Papa Francisco que le dio la bienvenida con gran cordialidad; los dos fueron a rezar juntos a la capilla del monasterio.<\/p>\n<p align=\"justify\">\u201cBenedicto XVI -informa un comunicado de la Oficina de Prensa de la Santa Sede \u2013 est\u00e1 muy contento de volver al Vaticano, al lugar en que quiere dedicarse al servicio de la Iglesia, ante todo con la oraci\u00f3n\u201d. Esa intenci\u00f3n fue la anunciada por el Papa em\u00e9rito el pasado 11 de febrero, d\u00eda de su renuncia al ministerio petrino.<\/p>\n<p align=\"justify\">El monasterio, recientemente restaurado es \u201cuna casa acogedora -ha dicho Benedicto XVI-, aqu\u00ed se puede trabajar bien\u201d.<\/p>\n<p align=\"justify\">&nbsp;<\/p>\n<p align=\"justify\">Ciudad del Vaticano, 3 mayo 2013 (VIS).-<\/p>\n","protected":false},"excerpt":{"rendered":"<p>Benedicto XVI, contento de regresar al Vaticano El Papa em\u00e9rito Benedicto XVI regres\u00f3 ayer tarde al Vaticano despu\u00e9s de dos meses en Castel Gandolfo. Benedicto XVI lleg\u00f3 en helic\u00f3ptero al helipuerto vaticano poco despu\u00e9s de las 16,45, acompa\u00f1ado por el arzobispo Georg G\u00e4nswein, Prefecto de la Casa Pontificia, y fue acogido por los cardenales Angelo &hellip; <a href=\"https:\/\/www.biblia.work\/sermones\/benedicto-xvi-contento-de-regresar-al-vaticano\/\" class=\"more-link\">Continuar leyendo<span class=\"screen-reader-text\"> \u00abBenedicto XVI, contento de regresar al Vaticano\u00bb<\/span><\/a><\/p>\n","protected":false},"author":1,"featured_media":0,"comment_status":"open","ping_status":"closed","sticky":false,"template":"","format":"standard","meta":{"footnotes":""},"categories":[1],"tags":[],"class_list":["post-38278","post","type-post","status-publish","format-standard","hentry","category-general"],"_links":{"self":[{"href":"https:\/\/www.biblia.work\/sermones\/wp-json\/wp\/v2\/posts\/38278","targetHints":{"allow":["GET"]}}],"collection":[{"href":"https:\/\/www.biblia.work\/sermones\/wp-json\/wp\/v2\/posts"}],"about":[{"href":"https:\/\/www.biblia.work\/sermones\/wp-json\/wp\/v2\/types\/post"}],"author":[{"embeddable":true,"href":"https:\/\/www.biblia.work\/sermones\/wp-json\/wp\/v2\/users\/1"}],"replies":[{"embeddable":true,"href":"https:\/\/www.biblia.work\/sermones\/wp-json\/wp\/v2\/comments?post=38278"}],"version-history":[{"count":0,"href":"https:\/\/www.biblia.work\/sermones\/wp-json\/wp\/v2\/posts\/38278\/revisions"}],"wp:attachment":[{"href":"https:\/\/www.biblia.work\/sermones\/wp-json\/wp\/v2\/media?parent=38278"}],"wp:term":[{"taxonomy":"category","embeddable":true,"href":"https:\/\/www.biblia.work\/sermones\/wp-json\/wp\/v2\/categories?post=38278"},{"taxonomy":"post_tag","embeddable":true,"href":"https:\/\/www.biblia.work\/sermones\/wp-json\/wp\/v2\/tags?post=38278"}],"curies":[{"name":"wp","href":"https:\/\/api.w.org\/{rel}","templated":true}]}}