{"id":38280,"date":"2016-06-21T16:35:33","date_gmt":"2016-06-21T21:35:33","guid":{"rendered":"http:\/\/www.biblia.work\/sermones\/comunicado-de-la-santa-sede-sobre-el-regreso-de-benedicto-xvi-al-vaticano\/"},"modified":"2016-06-21T16:35:33","modified_gmt":"2016-06-21T21:35:33","slug":"comunicado-de-la-santa-sede-sobre-el-regreso-de-benedicto-xvi-al-vaticano","status":"publish","type":"post","link":"https:\/\/www.biblia.work\/sermones\/comunicado-de-la-santa-sede-sobre-el-regreso-de-benedicto-xvi-al-vaticano\/","title":{"rendered":"Comunicado de la Santa Sede sobre el regreso de Benedicto XVI al Vaticano"},"content":{"rendered":"<p align=\"justify\">\n<p align=\"justify\">\n<p class=\"MsoNormal\" style=\"text-align: justify;\">Comunicado de la Santa Sede sobre el regreso de Benedicto XVI al Vaticano<\/p>\n<p class=\"MsoNormal\" style=\"text-align: justify;\">En un comunicado de prensa de la Santa Sede se informa que esta tarde el Papa em\u00e9rito Benedicto XVI regres\u00f3 a la Ciudad del Vaticano tras dos meses de permanencia en Castelgandolfo.\u00a0  Benedicto XVI lleg\u00f3 en helic\u00f3ptero desde esta peque\u00f1a ciudad a unos 30 km al sur de Roma, poco despu\u00e9s de las 16:45, acompa\u00f1ado por Mons. Georg Gaenswein, Prefecto de la Casa Pontificia.  En el helipuerto vaticano fue acogido por el Cardenal Decano, Angelo Sodano, el Cardenal Secretario de Estado, Tarcisio Bertone, el Cardenal Presidente del Governatorato, Giuseppe Bertello, el Sustituto, Mons. Angelo Becciu, el Secretario para las Relaciones con los Estados, Mons. Dominique Mamberti y el Secretario general del Governatorato, Mons. Giuseppe Sciacca.  Desde all\u00ed se traslad\u00f3 en autom\u00f3vil a su nueva residencia, el reestructurado Monasterio \u201cMater Ecclesiae\u201d, ante el cual fue acogido por Su Santidad el Papa Francisco, quien le dio la bienvenida con grande y fraterna cordialidad. Juntos se dirigieron a la capilla del Monasterio para un breve momento de oraci\u00f3n.  Como se recordar\u00e1, Benedicto XVI se hab\u00eda trasladado a Castelgandolfo la tarde del 28 de febrero, cuando, tras su renuncia, comenzaba la Sede Vacante. All\u00ed permaneci\u00f3 durante dos meses, en el curso de los cuales recibi\u00f3, el 23 de marzo, la visita del Papa Francisco, y esper\u00f3 que se completaran los trabajos de preparaci\u00f3n de su nueva residencia.  Ahora se siente feliz de regresar al Vaticano, al lugar en el que desea dedicarse, como \u00e9l mismo lo anunci\u00f3 el 11 de febrero pasado, al servicio de la Iglesia, ante todo con la oraci\u00f3n.  Como estaba previsto, en la nueva residencia vivir\u00e1n con Benedicto XVI Mons. Georg Gaenswein y las\u00a0Memores Domini\u00a0que ya han formado parte de la Familia pontificia en los \u00faltimos a\u00f1os.  (Mar\u00eda Fernanda Bernasconi \u2013 RV).<\/p>\n","protected":false},"excerpt":{"rendered":"<p>Comunicado de la Santa Sede sobre el regreso de Benedicto XVI al Vaticano En un comunicado de prensa de la Santa Sede se informa que esta tarde el Papa em\u00e9rito Benedicto XVI regres\u00f3 a la Ciudad del Vaticano tras dos meses de permanencia en Castelgandolfo.\u00a0 Benedicto XVI lleg\u00f3 en helic\u00f3ptero desde esta peque\u00f1a ciudad a &hellip; <a href=\"https:\/\/www.biblia.work\/sermones\/comunicado-de-la-santa-sede-sobre-el-regreso-de-benedicto-xvi-al-vaticano\/\" class=\"more-link\">Continuar leyendo<span class=\"screen-reader-text\"> \u00abComunicado de la Santa Sede sobre el regreso de Benedicto XVI al Vaticano\u00bb<\/span><\/a><\/p>\n","protected":false},"author":1,"featured_media":0,"comment_status":"open","ping_status":"closed","sticky":false,"template":"","format":"standard","meta":{"footnotes":""},"categories":[1],"tags":[],"class_list":["post-38280","post","type-post","status-publish","format-standard","hentry","category-general"],"_links":{"self":[{"href":"https:\/\/www.biblia.work\/sermones\/wp-json\/wp\/v2\/posts\/38280","targetHints":{"allow":["GET"]}}],"collection":[{"href":"https:\/\/www.biblia.work\/sermones\/wp-json\/wp\/v2\/posts"}],"about":[{"href":"https:\/\/www.biblia.work\/sermones\/wp-json\/wp\/v2\/types\/post"}],"author":[{"embeddable":true,"href":"https:\/\/www.biblia.work\/sermones\/wp-json\/wp\/v2\/users\/1"}],"replies":[{"embeddable":true,"href":"https:\/\/www.biblia.work\/sermones\/wp-json\/wp\/v2\/comments?post=38280"}],"version-history":[{"count":0,"href":"https:\/\/www.biblia.work\/sermones\/wp-json\/wp\/v2\/posts\/38280\/revisions"}],"wp:attachment":[{"href":"https:\/\/www.biblia.work\/sermones\/wp-json\/wp\/v2\/media?parent=38280"}],"wp:term":[{"taxonomy":"category","embeddable":true,"href":"https:\/\/www.biblia.work\/sermones\/wp-json\/wp\/v2\/categories?post=38280"},{"taxonomy":"post_tag","embeddable":true,"href":"https:\/\/www.biblia.work\/sermones\/wp-json\/wp\/v2\/tags?post=38280"}],"curies":[{"name":"wp","href":"https:\/\/api.w.org\/{rel}","templated":true}]}}