{"id":38281,"date":"2016-06-21T16:35:36","date_gmt":"2016-06-21T21:35:36","guid":{"rendered":"http:\/\/www.biblia.work\/sermones\/benedicto-xvi-ya-esta-de-nuevo-en-el-vaticano-recibido-por-el-papa-francisco\/"},"modified":"2016-06-21T16:35:36","modified_gmt":"2016-06-21T21:35:36","slug":"benedicto-xvi-ya-esta-de-nuevo-en-el-vaticano-recibido-por-el-papa-francisco","status":"publish","type":"post","link":"https:\/\/www.biblia.work\/sermones\/benedicto-xvi-ya-esta-de-nuevo-en-el-vaticano-recibido-por-el-papa-francisco\/","title":{"rendered":"Benedicto XVI ya est\u00e1 de nuevo en el Vaticano, recibido por el Papa Francisco"},"content":{"rendered":"<p align=\"justify\">Benedicto XVI ya est\u00e1 de nuevo en el Vaticano, recibido por el Papa Francisco<\/p>\n<p align=\"justify\">Pasadas las cuatro y media de la tarde del martes 2 de mayo, el helic\u00f3ptero que tra\u00eda a Benedicto XVI desde Castelgandolfo ha aterrizado en el helipuerto vaticano. <\/p>\n<p align=\"justify\">Le esperaban en este mismo lugar el cardenal Sodano, decano del colegio cardenalicio, y otros cardenales y obispos. Desde el helipuerto, el papa em\u00e9rito se ha trasladado, en autom\u00f3vil, al monasterio Mater Ecclesiae, concluidas ya las obras de su restauraci\u00f3n, y donde ser\u00e1 su residencia definitiva. En el Mater Ecclesiae ha sido acogido por el Papa Francisco<\/p>\n","protected":false},"excerpt":{"rendered":"<p>Benedicto XVI ya est\u00e1 de nuevo en el Vaticano, recibido por el Papa Francisco Pasadas las cuatro y media de la tarde del martes 2 de mayo, el helic\u00f3ptero que tra\u00eda a Benedicto XVI desde Castelgandolfo ha aterrizado en el helipuerto vaticano. Le esperaban en este mismo lugar el cardenal Sodano, decano del colegio cardenalicio, &hellip; <a href=\"https:\/\/www.biblia.work\/sermones\/benedicto-xvi-ya-esta-de-nuevo-en-el-vaticano-recibido-por-el-papa-francisco\/\" class=\"more-link\">Continuar leyendo<span class=\"screen-reader-text\"> \u00abBenedicto XVI ya est\u00e1 de nuevo en el Vaticano, recibido por el Papa Francisco\u00bb<\/span><\/a><\/p>\n","protected":false},"author":1,"featured_media":0,"comment_status":"open","ping_status":"closed","sticky":false,"template":"","format":"standard","meta":{"footnotes":""},"categories":[1],"tags":[],"class_list":["post-38281","post","type-post","status-publish","format-standard","hentry","category-general"],"_links":{"self":[{"href":"https:\/\/www.biblia.work\/sermones\/wp-json\/wp\/v2\/posts\/38281","targetHints":{"allow":["GET"]}}],"collection":[{"href":"https:\/\/www.biblia.work\/sermones\/wp-json\/wp\/v2\/posts"}],"about":[{"href":"https:\/\/www.biblia.work\/sermones\/wp-json\/wp\/v2\/types\/post"}],"author":[{"embeddable":true,"href":"https:\/\/www.biblia.work\/sermones\/wp-json\/wp\/v2\/users\/1"}],"replies":[{"embeddable":true,"href":"https:\/\/www.biblia.work\/sermones\/wp-json\/wp\/v2\/comments?post=38281"}],"version-history":[{"count":0,"href":"https:\/\/www.biblia.work\/sermones\/wp-json\/wp\/v2\/posts\/38281\/revisions"}],"wp:attachment":[{"href":"https:\/\/www.biblia.work\/sermones\/wp-json\/wp\/v2\/media?parent=38281"}],"wp:term":[{"taxonomy":"category","embeddable":true,"href":"https:\/\/www.biblia.work\/sermones\/wp-json\/wp\/v2\/categories?post=38281"},{"taxonomy":"post_tag","embeddable":true,"href":"https:\/\/www.biblia.work\/sermones\/wp-json\/wp\/v2\/tags?post=38281"}],"curies":[{"name":"wp","href":"https:\/\/api.w.org\/{rel}","templated":true}]}}