{"id":38282,"date":"2016-06-21T16:35:40","date_gmt":"2016-06-21T21:35:40","guid":{"rendered":"http:\/\/www.biblia.work\/sermones\/mensaje-del-pontificio-consejo-para-el-dialogo-interreligioso-en-la-fiesta-busita-de-vesakh\/"},"modified":"2016-06-21T16:35:40","modified_gmt":"2016-06-21T21:35:40","slug":"mensaje-del-pontificio-consejo-para-el-dialogo-interreligioso-en-la-fiesta-busita-de-vesakh","status":"publish","type":"post","link":"https:\/\/www.biblia.work\/sermones\/mensaje-del-pontificio-consejo-para-el-dialogo-interreligioso-en-la-fiesta-busita-de-vesakh\/","title":{"rendered":"Mensaje del Pontificio Consejo para el Di\u00e1logo Interreligioso en la fiesta busita de Vesakh"},"content":{"rendered":"<p align=\"justify\"><b>Mensaje del Pontificio Consejo para el Di\u00e1logo Interreligioso en la fiesta busita de Vesakh<\/b><\/p>\n<p align=\"justify\">\u201cCristianos y budistas juntos en el amor, la defensa y la promoci\u00f3n de la vida humana\u201d<\/p>\n<p align=\"justify\">El cardenal Jean-Louis Tauran y el Padre Miguel Angel Ayuso Guixot, MCCJ, respectivamente presidente y secretario del Pontificio Consejo para el Di\u00e1logo Interreligioso firman el mensaje que, con motivo de la festividad de Vesakh, ese dicasterio dirige anualmente a los seguidores del budismo.<\/p>\n<p align=\"justify\">Vesakh es la principal festividad budista que recuerda los tres momentos fundamentales de la vida de Gautama Buda. Seg\u00fan la tradici\u00f3n, el Buda hist\u00f3rico naci\u00f3, obtuvo la iluminaci\u00f3n y desapareci\u00f3 alcanzando el Nirvana durante la luna llena del mes de mayo. Es, por lo tanto, una festividad m\u00f3vil que este a\u00f1o cae el 25 de este mes. En estos d\u00edas los seguidores del budismo decoran sus hogares con flores y los perfuman con incienso, visitan los templos locales, escuchan las ense\u00f1anzas de los monjes y les ofrecen dones.<\/p>\n<p align=\"justify\">El mensaje de este a\u00f1o se titula \u201cCristianos y budistas juntos en el amor, la defensa y la promoci\u00f3n de la vida humana\u201d. Ofrecemos a continuaci\u00f3n el texto integral:<\/p>\n<p align=\"justify\">\u201cEn nombre del Pontificio Consejo para el Di\u00e1logo Interreligioso , quiero manifestaros a todos mis m\u00e1s sinceros saludos y buenos deseos con motivo de la celebraci\u00f3n de la fiesta de Vesakh que, a nosotros los cristianos, nos brinda la oportunidad de renovare nuestro di\u00e1logo amistoso y nuestra estrecha colaboraci\u00f3n con las diferentes tradiciones que represent\u00e1is.<\/p>\n<p align=\"justify\">\u201cEl Papa Francisco, en el comienzo de su ministerio reafirm\u00f3 la necesidad de di\u00e1logo y de amistad entre los seguidores de diferentes religiones, se\u00f1alando que &#8220;la Iglesia es (&#8230;) consciente de la responsabilidad que todos tenemos con nuestro mundo, con la creaci\u00f3n entera que debemos amar y custodiar. Y podemos hacer mucho por el bien de los que son m\u00e1s pobres, de los m\u00e1s d\u00e9biles, de los que sufren, para promover la justicia, para promover la reconciliaci\u00f3n, para construir la paz. . El Mensaje de la Jornada Mundial de la Paz de 2013, titulado &#8220;Bienaventurados los que trabajan por la Paz&#8221;, se\u00f1ala:\u201d El camino para la realizaci\u00f3n del bien com\u00fan y de la paz pasa ante todo por el respeto de la vida humana, considerada en sus m\u00faltiples aspectos, desde su concepci\u00f3n, en su desarrollo y hasta su fin natural. Aut\u00e9nticos trabajadores por la paz son, entonces, los que aman, defienden y promueven la vida humana en todas sus dimensiones: personal, comunitaria y transcendente. La vida en plenitud es el culmen de la paz. Quien quiere la paz no puede tolerar atentados y delitos contra la vida.<\/p>\n<p align=\"justify\">Quiero expresar el sincero respeto por la Iglesia Cat\u00f3lica por vuestra noble tradici\u00f3n religiosa. A menudo observamos una consonancia con los valores expresados tambi\u00e9n en vuestros textos religiosos: el respeto a la vida, la contemplaci\u00f3n, el silencio, la sencillez Nuestro aut\u00e9ntico di\u00e1logo fraterno requiere que nosotros, budistas y cristianos , desarrollemos lo que tenemos en com\u00fan, y sobre todo el profundo respeto por la vida que compartimos.<\/p>\n<p align=\"justify\">Queridos amigos budistas vuestro primer precepto os ense\u00f1a a absteneros de destruir la vida de todos los seres que sienten prohibiendo que uno mismo se mate o que mate a los dem\u00e1s. La piedra angular de vuestra \u00e9tica reside en la bondad hacia todos los seres. Los cristianos creen que el n\u00facleo de la ense\u00f1anza moral de Jes\u00fas es doble: el amor de Dios y el amor del pr\u00f3jimo. Jes\u00fas dice: \u201cComo mi Padre me ha amado, as\u00ed yo os amo a vosotros. Permaneced en mi amor. Y el quinto mandamiento cristiano &#8220;No matar\u00e1s&#8221;, est\u00e1 en perfecta armon\u00eda con vuestro primer precepto. La Nostra Aetate ense\u00f1a que &#8220;la Iglesia cat\u00f3lica no rechaza nada de lo que en estas religiones hay de santo y verdadero&#8221;. Creo, por lo tanto, que tanto para los budistas como para los cristianos urja crear un clima de paz para amar, defender y promover la vida humana, sobre la base del patrimonio aut\u00e9ntico de nuestras tradiciones religiosas\u201d.<\/p>\n<p align=\"justify\">\u201cComo todos sabemos, a pesar de estas nobles ense\u00f1anzas sobre la santidad de la vida humana, el mal contribuye de diversas formas a la deshumanizaci\u00f3n de la persona, debilitando el sentido de humanidad de los individuos y las comunidades. Esta tr\u00e1gica situaci\u00f3n exige que budistas y cristianos, unamos nuestras fuerzas para desenmascarar las amenazas a la vida humana y despertar la conciencia \u00e9tica de nuestros respectivos seguidores para generar un renacimiento moral y espiritual de los individuos y de la sociedad con el fin de ser verdaderos constructores de paz, amando, defendiendo y promoviendo la vida humana en todas sus dimensiones\u201d<\/p>\n<p align=\"justify\">\u201cSigamos trabajando con compasi\u00f3n y hermandad renovadas para aliviar el sufrimiento de la familia humana, tutelando la santidad de la vida humana. Con este esp\u00edritu os renuevo mis mejores deseos para una fiesta de Vesakh pac\u00edfica y alegre\u201d.<\/p>\n","protected":false},"excerpt":{"rendered":"<p>Mensaje del Pontificio Consejo para el Di\u00e1logo Interreligioso en la fiesta busita de Vesakh \u201cCristianos y budistas juntos en el amor, la defensa y la promoci\u00f3n de la vida humana\u201d El cardenal Jean-Louis Tauran y el Padre Miguel Angel Ayuso Guixot, MCCJ, respectivamente presidente y secretario del Pontificio Consejo para el Di\u00e1logo Interreligioso firman el &hellip; <a href=\"https:\/\/www.biblia.work\/sermones\/mensaje-del-pontificio-consejo-para-el-dialogo-interreligioso-en-la-fiesta-busita-de-vesakh\/\" class=\"more-link\">Continuar leyendo<span class=\"screen-reader-text\"> \u00abMensaje del Pontificio Consejo para el Di\u00e1logo Interreligioso en la fiesta busita de Vesakh\u00bb<\/span><\/a><\/p>\n","protected":false},"author":1,"featured_media":0,"comment_status":"open","ping_status":"closed","sticky":false,"template":"","format":"standard","meta":{"footnotes":""},"categories":[1],"tags":[],"class_list":["post-38282","post","type-post","status-publish","format-standard","hentry","category-general"],"_links":{"self":[{"href":"https:\/\/www.biblia.work\/sermones\/wp-json\/wp\/v2\/posts\/38282","targetHints":{"allow":["GET"]}}],"collection":[{"href":"https:\/\/www.biblia.work\/sermones\/wp-json\/wp\/v2\/posts"}],"about":[{"href":"https:\/\/www.biblia.work\/sermones\/wp-json\/wp\/v2\/types\/post"}],"author":[{"embeddable":true,"href":"https:\/\/www.biblia.work\/sermones\/wp-json\/wp\/v2\/users\/1"}],"replies":[{"embeddable":true,"href":"https:\/\/www.biblia.work\/sermones\/wp-json\/wp\/v2\/comments?post=38282"}],"version-history":[{"count":0,"href":"https:\/\/www.biblia.work\/sermones\/wp-json\/wp\/v2\/posts\/38282\/revisions"}],"wp:attachment":[{"href":"https:\/\/www.biblia.work\/sermones\/wp-json\/wp\/v2\/media?parent=38282"}],"wp:term":[{"taxonomy":"category","embeddable":true,"href":"https:\/\/www.biblia.work\/sermones\/wp-json\/wp\/v2\/categories?post=38282"},{"taxonomy":"post_tag","embeddable":true,"href":"https:\/\/www.biblia.work\/sermones\/wp-json\/wp\/v2\/tags?post=38282"}],"curies":[{"name":"wp","href":"https:\/\/api.w.org\/{rel}","templated":true}]}}