{"id":38284,"date":"2016-06-21T16:35:49","date_gmt":"2016-06-21T21:35:49","guid":{"rendered":"http:\/\/www.biblia.work\/sermones\/benedicto-xvi-regresa-al-vaticano-entre-las-4-y-las-5-de-la-tarde-el-jueves-2-de-mayo\/"},"modified":"2016-06-21T16:35:49","modified_gmt":"2016-06-21T21:35:49","slug":"benedicto-xvi-regresa-al-vaticano-entre-las-4-y-las-5-de-la-tarde-el-jueves-2-de-mayo","status":"publish","type":"post","link":"https:\/\/www.biblia.work\/sermones\/benedicto-xvi-regresa-al-vaticano-entre-las-4-y-las-5-de-la-tarde-el-jueves-2-de-mayo\/","title":{"rendered":"Benedicto XVI regresa al Vaticano entre las 4 y las 5 de la tarde el jueves 2 de mayo"},"content":{"rendered":"<p align=\"justify\">Benedicto XVI regresa al Vaticano entre las 4 y las 5 de la tarde el jueves 2 de mayo<\/p>\n<p align=\"justify\">El papa em\u00e9rito Su Santidad Benedicto XVI regresa al Vaticano, concretamente al monasterio Mater Ecclesiae, donde residir\u00e1 con su secretario, las &#8220;Memores Domini&#8221; de la Fraternidad Comuni\u00f3n y Liberaci\u00f3n y su hermano Georg, sacedote.<\/p>\n<p align=\"justify\">Benedicto XVI ha estado en el palacio apost\u00f3lico de Castelgandolfo desde las 6 de la tarde del jueves 28 de febrero, dos hroas antes de que fuera efectiva su renuncia al pontificiado. Benedicto XVI cumpli\u00f3 86 a\u00f1os el pasado 16 de abril<\/p>\n","protected":false},"excerpt":{"rendered":"<p>Benedicto XVI regresa al Vaticano entre las 4 y las 5 de la tarde el jueves 2 de mayo El papa em\u00e9rito Su Santidad Benedicto XVI regresa al Vaticano, concretamente al monasterio Mater Ecclesiae, donde residir\u00e1 con su secretario, las &#8220;Memores Domini&#8221; de la Fraternidad Comuni\u00f3n y Liberaci\u00f3n y su hermano Georg, sacedote. Benedicto XVI &hellip; <a href=\"https:\/\/www.biblia.work\/sermones\/benedicto-xvi-regresa-al-vaticano-entre-las-4-y-las-5-de-la-tarde-el-jueves-2-de-mayo\/\" class=\"more-link\">Continuar leyendo<span class=\"screen-reader-text\"> \u00abBenedicto XVI regresa al Vaticano entre las 4 y las 5 de la tarde el jueves 2 de mayo\u00bb<\/span><\/a><\/p>\n","protected":false},"author":1,"featured_media":0,"comment_status":"open","ping_status":"closed","sticky":false,"template":"","format":"standard","meta":{"footnotes":""},"categories":[1],"tags":[],"class_list":["post-38284","post","type-post","status-publish","format-standard","hentry","category-general"],"_links":{"self":[{"href":"https:\/\/www.biblia.work\/sermones\/wp-json\/wp\/v2\/posts\/38284","targetHints":{"allow":["GET"]}}],"collection":[{"href":"https:\/\/www.biblia.work\/sermones\/wp-json\/wp\/v2\/posts"}],"about":[{"href":"https:\/\/www.biblia.work\/sermones\/wp-json\/wp\/v2\/types\/post"}],"author":[{"embeddable":true,"href":"https:\/\/www.biblia.work\/sermones\/wp-json\/wp\/v2\/users\/1"}],"replies":[{"embeddable":true,"href":"https:\/\/www.biblia.work\/sermones\/wp-json\/wp\/v2\/comments?post=38284"}],"version-history":[{"count":0,"href":"https:\/\/www.biblia.work\/sermones\/wp-json\/wp\/v2\/posts\/38284\/revisions"}],"wp:attachment":[{"href":"https:\/\/www.biblia.work\/sermones\/wp-json\/wp\/v2\/media?parent=38284"}],"wp:term":[{"taxonomy":"category","embeddable":true,"href":"https:\/\/www.biblia.work\/sermones\/wp-json\/wp\/v2\/categories?post=38284"},{"taxonomy":"post_tag","embeddable":true,"href":"https:\/\/www.biblia.work\/sermones\/wp-json\/wp\/v2\/tags?post=38284"}],"curies":[{"name":"wp","href":"https:\/\/api.w.org\/{rel}","templated":true}]}}