{"id":38293,"date":"2016-06-21T17:41:11","date_gmt":"2016-06-21T22:41:11","guid":{"rendered":"http:\/\/www.biblia.work\/sermones\/el-papa-francisco-recibe-esta-tarde-en-los-jardines-vaticanos-a-benedicto-xvi-3\/"},"modified":"2016-06-21T17:41:11","modified_gmt":"2016-06-21T22:41:11","slug":"el-papa-francisco-recibe-esta-tarde-en-los-jardines-vaticanos-a-benedicto-xvi-3","status":"publish","type":"post","link":"https:\/\/www.biblia.work\/sermones\/el-papa-francisco-recibe-esta-tarde-en-los-jardines-vaticanos-a-benedicto-xvi-3\/","title":{"rendered":"El Papa Francisco recibe esta tarde en los jardines vaticanos a Benedicto XVI"},"content":{"rendered":"<p align=\"justify\">\n<p align=\"justify\">\n<p class=\"MsoNormal\" style=\"text-align: justify;\">El Papa Francisco recibe esta tarde en los jardines vaticanos a Benedicto XVI<\/p>\n<p class=\"MsoNormal\" style=\"text-align: justify;\">En la tarde de este jueves 2 de mayo, en el Monasterio Mater Ecclesiae, en los jardines vaticanos Francisco recibir\u00e1 a su amado predecesor Benedicto XVI, que viajar\u00e1 en helic\u00f3ptero desde el Palacio Apost\u00f3lico de Castel Gandolfo, donde lleg\u00f3 al finalizar su pontificado, la tarde del pasado 28 de febrero.<\/p>\n<p class=\"MsoNormal\" style=\"text-align: justify;\">Aquella tarde, 28 de febrero de 2013, Benedicto XVI, saludando a los numerosos ciudadanos de esta localidad lacial, a unos 30 kil\u00f3metros de Roma, que lo recibieron con grandes manifestaciones de devoci\u00f3n y cari\u00f1o, dijo: \u00absoy simplemente un peregrino que inicia la \u00faltima etapa de su peregrinaci\u00f3n en esta tierra\u00bb. Y luego a\u00f1adi\u00f3: \u00abpero quisiera una vez m\u00e1s, con mi coraz\u00f3n, amor y oraci\u00f3n, con mi reflexi\u00f3n, con todas mis fuerzas interiores trabajar por el bien com\u00fan y el bien de la Iglesia y de la humanidad\u00bb.\u00a0<\/p>\n","protected":false},"excerpt":{"rendered":"<p>El Papa Francisco recibe esta tarde en los jardines vaticanos a Benedicto XVI En la tarde de este jueves 2 de mayo, en el Monasterio Mater Ecclesiae, en los jardines vaticanos Francisco recibir\u00e1 a su amado predecesor Benedicto XVI, que viajar\u00e1 en helic\u00f3ptero desde el Palacio Apost\u00f3lico de Castel Gandolfo, donde lleg\u00f3 al finalizar su &hellip; <a href=\"https:\/\/www.biblia.work\/sermones\/el-papa-francisco-recibe-esta-tarde-en-los-jardines-vaticanos-a-benedicto-xvi-3\/\" class=\"more-link\">Continuar leyendo<span class=\"screen-reader-text\"> \u00abEl Papa Francisco recibe esta tarde en los jardines vaticanos a Benedicto XVI\u00bb<\/span><\/a><\/p>\n","protected":false},"author":1,"featured_media":0,"comment_status":"open","ping_status":"closed","sticky":false,"template":"","format":"standard","meta":{"footnotes":""},"categories":[1],"tags":[],"class_list":["post-38293","post","type-post","status-publish","format-standard","hentry","category-general"],"_links":{"self":[{"href":"https:\/\/www.biblia.work\/sermones\/wp-json\/wp\/v2\/posts\/38293","targetHints":{"allow":["GET"]}}],"collection":[{"href":"https:\/\/www.biblia.work\/sermones\/wp-json\/wp\/v2\/posts"}],"about":[{"href":"https:\/\/www.biblia.work\/sermones\/wp-json\/wp\/v2\/types\/post"}],"author":[{"embeddable":true,"href":"https:\/\/www.biblia.work\/sermones\/wp-json\/wp\/v2\/users\/1"}],"replies":[{"embeddable":true,"href":"https:\/\/www.biblia.work\/sermones\/wp-json\/wp\/v2\/comments?post=38293"}],"version-history":[{"count":0,"href":"https:\/\/www.biblia.work\/sermones\/wp-json\/wp\/v2\/posts\/38293\/revisions"}],"wp:attachment":[{"href":"https:\/\/www.biblia.work\/sermones\/wp-json\/wp\/v2\/media?parent=38293"}],"wp:term":[{"taxonomy":"category","embeddable":true,"href":"https:\/\/www.biblia.work\/sermones\/wp-json\/wp\/v2\/categories?post=38293"},{"taxonomy":"post_tag","embeddable":true,"href":"https:\/\/www.biblia.work\/sermones\/wp-json\/wp\/v2\/tags?post=38293"}],"curies":[{"name":"wp","href":"https:\/\/api.w.org\/{rel}","templated":true}]}}