{"id":38295,"date":"2016-06-21T17:41:22","date_gmt":"2016-06-21T22:41:22","guid":{"rendered":"http:\/\/www.biblia.work\/sermones\/el-arzobispo-angelo-becciu-habla-de-la-reforma-del-papa-francisco\/"},"modified":"2016-06-21T17:41:22","modified_gmt":"2016-06-21T22:41:22","slug":"el-arzobispo-angelo-becciu-habla-de-la-reforma-del-papa-francisco","status":"publish","type":"post","link":"https:\/\/www.biblia.work\/sermones\/el-arzobispo-angelo-becciu-habla-de-la-reforma-del-papa-francisco\/","title":{"rendered":"El arzobispo Angelo Becciu habla de la reforma del Papa Francisco"},"content":{"rendered":"<p align=\"justify\">\n<p align=\"justify\">\n<p class=\"MsoNormal\" style=\"text-align: justify;\">El arzobispo Angelo Becciu, sustituto de la Secretar\u00eda de Estado (n\u00famero 3 de la Santa Sede)\u00a0 habla de la reforma del Papa Francisco<\/p>\n<p class=\"MsoNormal\" style=\"text-align: justify;\">El 13 de abril se hizo p\u00fablica la noticia de que el Papa Francis coha formado un grupo de ocho cardenales para asesorarle al gobierno de la Iglesia universal y para estudiar un proyecto de revisi\u00f3n de la Constituci\u00f3n Apost\u00f3lica Pastor Bonus sobre la Curia Romana. La decisi\u00f3n ha despertado un gran inter\u00e9s, dando lugar a no pocas especulaciones. <\/p>\n<p class=\"MsoNormal\" style=\"text-align: justify;\">De este tema versa una entrevista de L`Osservatore Romano el arzobispo Angelo Becciu, sustituto de la Secretar\u00eda de Estado de la Santa Sede.<\/p>\n<p class=\"MsoNormal\" style=\"text-align: justify;\">&#8212; Sobre la reforma de la Curia se han escuchado muchas voces: el equilibrio de poderes, moderadores, administradores, &#8220;superministros de Econom\u00eda,&#8221; revoluciones&#8230;<\/p>\n<p class=\"MsoNormal\" style=\"text-align: justify;\">&#8212; En efecto, es un poco extra\u00f1o: el Papa a\u00fan no se ha reunido el grupo de asesores que ha elegido y ya llueven los consejos&#8230; Despu\u00e9s de hablar con el Santo Padre, puedo decir que en este momento es absolutamente prematuro hacer ninguna suposici\u00f3n sobre la futura estructura de la Curia. El Papa Francesco est\u00e1 escuchando a todos, pero primero quiere escuchar a aquellos que han elegido como consejeros. A continuaci\u00f3n, se establece un proyecto de reforma de la Pastor Bonus, que por supuesto tendr\u00e1 que seguir su propio proceso.<\/p>\n<p class=\"MsoNormal\" style=\"text-align: justify;\">&#8212; Mucho se ha hablado tambi\u00e9n del IOR, el Instituto para las Obras de Religi\u00f3n, y alguien ha hablado de que podr\u00eda ser suprimido.<\/p>\n<p class=\"MsoNormal\" style=\"text-align: justify;\">&#8212; El Papa se sorprende de que se le atribuyan frases que nunca \u00a0ha dicho y que tergiverse su pensamiento. La \u00fanica menci\u00f3n de ello fue durante una breve homil\u00eda en Santa Marta, hecho sin papales, en el que record\u00f3 de una manera apasionada como la esencia de la Iglesia consiste en una historia de amor entre Dios y los hombres, y c\u00f3mo las diferentes estructuras humanas, incluida la IOR, son menos importantes. La referencia era un gui\u00f1o, una broma, motivada por la presencia en la misa por algunos empleados del Instituto, en el contexto de una invitaci\u00f3n seria a no perder nunca de vista la naturaleza esencial de la Iglesia.<\/p>\n<p class=\"MsoNormal\" style=\"text-align: justify;\">&#8212; \u00bfSe puede prever que no es inminente reestructuraci\u00f3n de la conformaci\u00f3n de los departamentos de la Curia?<\/p>\n<p class=\"MsoNormal\" style=\"text-align: justify;\">&#8212; No puedo predecir los tiempos. El Papa, sin embargo, nos ha pedido a todos nosotros, responsables de los dicasterios, continuar en nuestros servicios, pero, por el momento, sin confirmaci\u00f3n en las asignaciones. Lo mismo vale para los miembros de las Congregaciones y Consejos Pontificios: el ciclo normal de mandatos quinquenales por el momento ha quedado suspendido, y todos contin\u00faan en sus funciones &#8220;hasta nuevo aviso&#8221; (donec aliter provideatur). Esto indica la voluntad del Santo Padre a tomarse el tiempo necesario para la reflexi\u00f3n -y la oraci\u00f3n, no debemos olvidar \u2013 para tener una visi\u00f3n panorama m\u00e1s profunda de la situaci\u00f3n.<\/p>\n<p class=\"MsoNormal\" style=\"text-align: justify;\">&#8212; Sobre el grupo de asesores, alguien vino a argumentar que tal elecci\u00f3n ser\u00eda cuestionar el primado del Papa&#8230;<\/p>\n<p class=\"MsoNormal\" style=\"text-align: justify;\">&#8212; Se trata de un \u00f3rgano consultivo, no toma de decisiones, y realmente no veo c\u00f3mo la elecci\u00f3n del Papa Francesco pondr\u00eda en duda el primado. Lo que es cierto es que se trata de un gesto de gran importancia, que quiere dar una se\u00f1al clara acerca de las formas en que el Santo Padre ejerce su ministerio. No hay que olvidar lo que es la primera tarea asignada al grupo de los ocho cardenales \u00a0es ayudar al Papa en el gobierno de la Iglesia universal. No me gustar\u00eda que la \u201ccuriosidad\u201d por los asuntos y personas de la Curia Romana hicieran eclipsar el sentido profundo del gesto hecho por el Papa Francisco.<\/p>\n<p class=\"MsoNormal\" style=\"text-align: justify;\">&#8211;\u00bfPero el t\u00e9rmino &#8220;consejo&#8221; no es demasiado indefinido?<\/p>\n<p class=\"MsoNormal\" style=\"text-align: justify;\">&#8212; Por el contrario, el asesoramiento es una acci\u00f3n importante en la Iglesia se define teol\u00f3gicamente, y se expresa en muchos niveles. Consideremos, por ejemplo, a los organismos que participan en las di\u00f3cesis y en las parroquias o consejos de los superiores, provinciales y generales, en los institutos de vida consagrada. La funci\u00f3n del consejero debe ser interpretada desde una perspectiva teol\u00f3gica: desde una \u00f3ptica mundana, se podr\u00eda pensar que un consejero sin poder de decisi\u00f3n es irrelevante, pero ello llevar a pensar que la Iglesia es una empresa. En cambio, teol\u00f3gicamente asesorar tiene una funci\u00f3n de importancia absoluta: para ayudar al superior a discernir, es decir, ayudarle para entender lo que el Esp\u00edritu pide a la Iglesia en un momento hist\u00f3rico determinado. Sin esta referencia, para el caso, se no entiende nada sobre el verdadero significado de gobierno en la Iglesia.<\/p>\n<p class=\"MsoNormal\" style=\"text-align: justify;\">&#8212; \u00bfQu\u00e9 juicio sentimientos en colaborar con Papa Francesco?<\/p>\n<p class=\"MsoNormal\" style=\"text-align: justify;\">&#8212; Tuve la oportunidad de trabajar de cerca con el Papa Benedicto XVI, ahora estoy continuando mi servicio con el Papa Francisco. Por supuesto, que cada uno tiene su propia personalidad, su propio estilo, y me siento muy privilegiado de este contacto cercano con dos hombres completamente dedicados al bien de toda la Iglesia, despojados de s\u00ed mismos, inmersos en Dios y con pasi\u00f3n para dar a conocer la belleza del Evangelio a los hombres y mujeres de hoy.<\/p>\n","protected":false},"excerpt":{"rendered":"<p>El arzobispo Angelo Becciu, sustituto de la Secretar\u00eda de Estado (n\u00famero 3 de la Santa Sede)\u00a0 habla de la reforma del Papa Francisco El 13 de abril se hizo p\u00fablica la noticia de que el Papa Francis coha formado un grupo de ocho cardenales para asesorarle al gobierno de la Iglesia universal y para estudiar &hellip; <a href=\"https:\/\/www.biblia.work\/sermones\/el-arzobispo-angelo-becciu-habla-de-la-reforma-del-papa-francisco\/\" class=\"more-link\">Continuar leyendo<span class=\"screen-reader-text\"> \u00abEl arzobispo Angelo Becciu habla de la reforma del Papa Francisco\u00bb<\/span><\/a><\/p>\n","protected":false},"author":1,"featured_media":0,"comment_status":"open","ping_status":"closed","sticky":false,"template":"","format":"standard","meta":{"footnotes":""},"categories":[1],"tags":[],"class_list":["post-38295","post","type-post","status-publish","format-standard","hentry","category-general"],"_links":{"self":[{"href":"https:\/\/www.biblia.work\/sermones\/wp-json\/wp\/v2\/posts\/38295","targetHints":{"allow":["GET"]}}],"collection":[{"href":"https:\/\/www.biblia.work\/sermones\/wp-json\/wp\/v2\/posts"}],"about":[{"href":"https:\/\/www.biblia.work\/sermones\/wp-json\/wp\/v2\/types\/post"}],"author":[{"embeddable":true,"href":"https:\/\/www.biblia.work\/sermones\/wp-json\/wp\/v2\/users\/1"}],"replies":[{"embeddable":true,"href":"https:\/\/www.biblia.work\/sermones\/wp-json\/wp\/v2\/comments?post=38295"}],"version-history":[{"count":0,"href":"https:\/\/www.biblia.work\/sermones\/wp-json\/wp\/v2\/posts\/38295\/revisions"}],"wp:attachment":[{"href":"https:\/\/www.biblia.work\/sermones\/wp-json\/wp\/v2\/media?parent=38295"}],"wp:term":[{"taxonomy":"category","embeddable":true,"href":"https:\/\/www.biblia.work\/sermones\/wp-json\/wp\/v2\/categories?post=38295"},{"taxonomy":"post_tag","embeddable":true,"href":"https:\/\/www.biblia.work\/sermones\/wp-json\/wp\/v2\/tags?post=38295"}],"curies":[{"name":"wp","href":"https:\/\/api.w.org\/{rel}","templated":true}]}}