{"id":38296,"date":"2016-06-21T17:41:26","date_gmt":"2016-06-21T22:41:26","guid":{"rendered":"http:\/\/www.biblia.work\/sermones\/emision-filatelica-conjunta-de-los-estados-vaticano-y-argentina\/"},"modified":"2016-06-21T17:41:26","modified_gmt":"2016-06-21T22:41:26","slug":"emision-filatelica-conjunta-de-los-estados-vaticano-y-argentina","status":"publish","type":"post","link":"https:\/\/www.biblia.work\/sermones\/emision-filatelica-conjunta-de-los-estados-vaticano-y-argentina\/","title":{"rendered":"Emisi\u00f3n filat\u00e9lica conjunta de los estados Vaticano y Argentina"},"content":{"rendered":"<p align=\"justify\"><b>Emisi\u00f3n filat\u00e9lica conjunta de los estados Vaticano y Argentina<\/b><\/p>\n<p align=\"justify\">Esta ma\u00f1ana en <b>la Biblioteca del Palacio Apost\u00f3lico Vaticano ha sido presentada al Santo Padre la emisi\u00f3n filat\u00e9lica conjunta entre el Estado de la Ciudad del Vaticano y Argentina<\/b> dedicada al inicio de su pontificado.<\/p>\n<p align=\"justify\">Se trata de cuatro sellos con la imagen del Papa Francisco con el siguiente valor: 70 c\u00e9ntimos (Italia); 85 c\u00e9ntimos (Europa y Mediterr\u00e1neo), 2 euros (\u00c1frica, Am\u00e9rica y Asia) 2,50 euros (Ocean\u00eda). La tirada es de doscientos cincuenta mil ejemplares.<\/p>\n<p align=\"justify\">La Oficina Filat\u00e9lica y Numism\u00e1tica emitir\u00e1, junto a la serie filat\u00e9lica una \u201cstamp and coin card\u201d (tarjeta con sello y moneda) y una carpeta oficial dedicada al inicio del pontificado con dos sobres con matasellos especial del primer d\u00eda de la emisi\u00f3n y una tarjeta postal con la primera p\u00e1gina de la edici\u00f3n extraordinaria de \u201cL&#8217;Osservatore Romano\u201d del 13 de marzo 2013 ( d\u00eda de la elecci\u00f3n del nuevo pont\u00edfice).<\/p>\n<p align=\"right\">Ciudad del Vaticano, 30 abril 2013 (VIS).-<\/p>\n","protected":false},"excerpt":{"rendered":"<p>Emisi\u00f3n filat\u00e9lica conjunta de los estados Vaticano y Argentina Esta ma\u00f1ana en la Biblioteca del Palacio Apost\u00f3lico Vaticano ha sido presentada al Santo Padre la emisi\u00f3n filat\u00e9lica conjunta entre el Estado de la Ciudad del Vaticano y Argentina dedicada al inicio de su pontificado. Se trata de cuatro sellos con la imagen del Papa Francisco &hellip; <a href=\"https:\/\/www.biblia.work\/sermones\/emision-filatelica-conjunta-de-los-estados-vaticano-y-argentina\/\" class=\"more-link\">Continuar leyendo<span class=\"screen-reader-text\"> \u00abEmisi\u00f3n filat\u00e9lica conjunta de los estados Vaticano y Argentina\u00bb<\/span><\/a><\/p>\n","protected":false},"author":1,"featured_media":0,"comment_status":"open","ping_status":"closed","sticky":false,"template":"","format":"standard","meta":{"footnotes":""},"categories":[1],"tags":[],"class_list":["post-38296","post","type-post","status-publish","format-standard","hentry","category-general"],"_links":{"self":[{"href":"https:\/\/www.biblia.work\/sermones\/wp-json\/wp\/v2\/posts\/38296","targetHints":{"allow":["GET"]}}],"collection":[{"href":"https:\/\/www.biblia.work\/sermones\/wp-json\/wp\/v2\/posts"}],"about":[{"href":"https:\/\/www.biblia.work\/sermones\/wp-json\/wp\/v2\/types\/post"}],"author":[{"embeddable":true,"href":"https:\/\/www.biblia.work\/sermones\/wp-json\/wp\/v2\/users\/1"}],"replies":[{"embeddable":true,"href":"https:\/\/www.biblia.work\/sermones\/wp-json\/wp\/v2\/comments?post=38296"}],"version-history":[{"count":0,"href":"https:\/\/www.biblia.work\/sermones\/wp-json\/wp\/v2\/posts\/38296\/revisions"}],"wp:attachment":[{"href":"https:\/\/www.biblia.work\/sermones\/wp-json\/wp\/v2\/media?parent=38296"}],"wp:term":[{"taxonomy":"category","embeddable":true,"href":"https:\/\/www.biblia.work\/sermones\/wp-json\/wp\/v2\/categories?post=38296"},{"taxonomy":"post_tag","embeddable":true,"href":"https:\/\/www.biblia.work\/sermones\/wp-json\/wp\/v2\/tags?post=38296"}],"curies":[{"name":"wp","href":"https:\/\/api.w.org\/{rel}","templated":true}]}}