{"id":38297,"date":"2016-06-21T17:41:30","date_gmt":"2016-06-21T22:41:30","guid":{"rendered":"http:\/\/www.biblia.work\/sermones\/el-cardenal-dziwisz-enviado-especial-del-papa-en-el-vi-centenario-de-la-catedral-de-kaunas-lituania\/"},"modified":"2016-06-21T17:41:30","modified_gmt":"2016-06-21T22:41:30","slug":"el-cardenal-dziwisz-enviado-especial-del-papa-en-el-vi-centenario-de-la-catedral-de-kaunas-lituania","status":"publish","type":"post","link":"https:\/\/www.biblia.work\/sermones\/el-cardenal-dziwisz-enviado-especial-del-papa-en-el-vi-centenario-de-la-catedral-de-kaunas-lituania\/","title":{"rendered":"El cardenal Dziwisz enviado especial del Papa en el VI Centenario de la catedral de Kaunas (Lituania)"},"content":{"rendered":"<p align=\"justify\"><b>El cardenal Dziwisz enviado especial del Papa en el VI Centenario de la catedral de Kaunas (Lituania)<\/b><\/p>\n<p align=\"justify\">Se ha publicado hoy la carta, escrita en lat\u00edn y fechada el 5 de abril, en la que el Santo Padre nombra al cardenal Stanislaw Dziwisz, arzobispo de Cracovia (Polonia) como su enviado especial en la celebraci\u00f3n del VI\u00b0 centenario de la catedral de Kaunas (Lituania), que tendr\u00e1 lugar el 5 de mayo de 2013.<\/p>\n<p align=\"justify\">La misi\u00f3n que acompa\u00f1ar\u00e1 al purpurado est\u00e1 compuesta por monse\u00f1or Vyatautas Vai?i?nas, vice-decano de la Facultad de Teolog\u00eda en Kaunas y por monse\u00f1or Arturas Jagela?ius, profesor de la misma facultad y pro-vicario judicial de la archidi\u00f3cesis de Kaunas.<\/p>\n<p align=\"justify\">&nbsp;<\/p>\n<p align=\"justify\">Ciudad del Vaticano, 27 abril 2013 (VIS).-<\/p>\n","protected":false},"excerpt":{"rendered":"<p>El cardenal Dziwisz enviado especial del Papa en el VI Centenario de la catedral de Kaunas (Lituania) Se ha publicado hoy la carta, escrita en lat\u00edn y fechada el 5 de abril, en la que el Santo Padre nombra al cardenal Stanislaw Dziwisz, arzobispo de Cracovia (Polonia) como su enviado especial en la celebraci\u00f3n del &hellip; <a href=\"https:\/\/www.biblia.work\/sermones\/el-cardenal-dziwisz-enviado-especial-del-papa-en-el-vi-centenario-de-la-catedral-de-kaunas-lituania\/\" class=\"more-link\">Continuar leyendo<span class=\"screen-reader-text\"> \u00abEl cardenal Dziwisz enviado especial del Papa en el VI Centenario de la catedral de Kaunas (Lituania)\u00bb<\/span><\/a><\/p>\n","protected":false},"author":1,"featured_media":0,"comment_status":"open","ping_status":"closed","sticky":false,"template":"","format":"standard","meta":{"footnotes":""},"categories":[1],"tags":[],"class_list":["post-38297","post","type-post","status-publish","format-standard","hentry","category-general"],"_links":{"self":[{"href":"https:\/\/www.biblia.work\/sermones\/wp-json\/wp\/v2\/posts\/38297","targetHints":{"allow":["GET"]}}],"collection":[{"href":"https:\/\/www.biblia.work\/sermones\/wp-json\/wp\/v2\/posts"}],"about":[{"href":"https:\/\/www.biblia.work\/sermones\/wp-json\/wp\/v2\/types\/post"}],"author":[{"embeddable":true,"href":"https:\/\/www.biblia.work\/sermones\/wp-json\/wp\/v2\/users\/1"}],"replies":[{"embeddable":true,"href":"https:\/\/www.biblia.work\/sermones\/wp-json\/wp\/v2\/comments?post=38297"}],"version-history":[{"count":0,"href":"https:\/\/www.biblia.work\/sermones\/wp-json\/wp\/v2\/posts\/38297\/revisions"}],"wp:attachment":[{"href":"https:\/\/www.biblia.work\/sermones\/wp-json\/wp\/v2\/media?parent=38297"}],"wp:term":[{"taxonomy":"category","embeddable":true,"href":"https:\/\/www.biblia.work\/sermones\/wp-json\/wp\/v2\/categories?post=38297"},{"taxonomy":"post_tag","embeddable":true,"href":"https:\/\/www.biblia.work\/sermones\/wp-json\/wp\/v2\/tags?post=38297"}],"curies":[{"name":"wp","href":"https:\/\/api.w.org\/{rel}","templated":true}]}}