{"id":38298,"date":"2016-06-21T17:41:34","date_gmt":"2016-06-21T22:41:34","guid":{"rendered":"http:\/\/www.biblia.work\/sermones\/los-obispos-europeos-se-reunen-para-analizar-las-relaciones-entre-catolicos-y-musulmanes\/"},"modified":"2016-06-21T17:41:34","modified_gmt":"2016-06-21T22:41:34","slug":"los-obispos-europeos-se-reunen-para-analizar-las-relaciones-entre-catolicos-y-musulmanes","status":"publish","type":"post","link":"https:\/\/www.biblia.work\/sermones\/los-obispos-europeos-se-reunen-para-analizar-las-relaciones-entre-catolicos-y-musulmanes\/","title":{"rendered":"Los obispos europeos se re\u00fanen para analizar las relaciones entre cat\u00f3licos y musulmanes"},"content":{"rendered":"<p align=\"justify\"><b>Los obispos europeos se re\u00fanen para analizar las relaciones entre cat\u00f3licos y musulmanes<\/b><\/p>\n<p align=\"justify\">El <b>Consejo de las Conferencias Episcopales de Europa (CCEE)<\/b> se reunir\u00e1 en Londres del 1 al 3 de mayo para <b>analizar las relaciones entre cristianos y musulmanes<\/b>. El encuentro estar\u00e1 presidido por el cardenal <b>Jean-Pierre Ricard<\/b>, arzobispo de Burdeos (Francia) y el relator principal ser\u00e1 el cardenal <b>Jean-Louis Tauran<\/b>, presidente del Pontificio Consejo para el Di\u00e1logo Interreligioso<\/p>\n<p align=\"justify\">El evento cuenta con la presencia del arzobispo Vincent Nichols, presidente de la Conferencia Episcopal de Inglaterra y Gales que celebrar\u00e1 la Santa Misa para los delegados en la catedral de Westminster en el segundo d\u00eda de la conferencia.<\/p>\n<p align=\"justify\">Los 32 participantes representan a 20 Conferencias Episcopales, organizaciones culturales y eclesi\u00e1sticas y son expertos en el \u00e1mbito del di\u00e1logo entre cristianos y musulmanes. En el primer d\u00eda, el Padre Andrea Pacini, Coordinador de la red entre cristianos y musulmanes de la CCEE y Secretario para el Ecumenismo y el Di\u00e1logo Interreligioso de las Conferencia Episcopales regionales de Piamonte y Valle de Aosta (Italia) presentar\u00e1 el tema de la conferencia &#8220;Di\u00e1logo y anuncio\u201d.<\/p>\n<p align=\"justify\">El segundo d\u00eda estar\u00e1 dedicado a la reflexi\u00f3n, al di\u00e1logo y al intercambio de experiencias sobre la identidad religiosa de los j\u00f3venes cristianos y musulmanes en Europa. Brigitte Mar\u00e9chal, profesora de la Universidad de Lovaina y Erwin Tanner, Secretario General de la Conferencia Episcopal Suiza ser\u00e1n los principales oradores.<\/p>\n<p align=\"justify\">Los delegados describir\u00e1n la situaci\u00f3n en sus respectivos pa\u00edses en la \u00faltima jornada. El tema de la intervenci\u00f3n del cardenal Tauran ser\u00e1: \u201c\u00bfQu\u00e9 hay de nuevo en las relaciones entre los musulmanes y la Iglesia Cat\u00f3lica?\u201d.<\/p>\n<p align=\"justify\">&nbsp;<\/p>\n<p align=\"right\">Ciudad del Vaticano, 29 abril 2013 (VIS).-<\/p>\n","protected":false},"excerpt":{"rendered":"<p>Los obispos europeos se re\u00fanen para analizar las relaciones entre cat\u00f3licos y musulmanes El Consejo de las Conferencias Episcopales de Europa (CCEE) se reunir\u00e1 en Londres del 1 al 3 de mayo para analizar las relaciones entre cristianos y musulmanes. El encuentro estar\u00e1 presidido por el cardenal Jean-Pierre Ricard, arzobispo de Burdeos (Francia) y el &hellip; <a href=\"https:\/\/www.biblia.work\/sermones\/los-obispos-europeos-se-reunen-para-analizar-las-relaciones-entre-catolicos-y-musulmanes\/\" class=\"more-link\">Continuar leyendo<span class=\"screen-reader-text\"> \u00abLos obispos europeos se re\u00fanen para analizar las relaciones entre cat\u00f3licos y musulmanes\u00bb<\/span><\/a><\/p>\n","protected":false},"author":1,"featured_media":0,"comment_status":"open","ping_status":"closed","sticky":false,"template":"","format":"standard","meta":{"footnotes":""},"categories":[1],"tags":[],"class_list":["post-38298","post","type-post","status-publish","format-standard","hentry","category-general"],"_links":{"self":[{"href":"https:\/\/www.biblia.work\/sermones\/wp-json\/wp\/v2\/posts\/38298","targetHints":{"allow":["GET"]}}],"collection":[{"href":"https:\/\/www.biblia.work\/sermones\/wp-json\/wp\/v2\/posts"}],"about":[{"href":"https:\/\/www.biblia.work\/sermones\/wp-json\/wp\/v2\/types\/post"}],"author":[{"embeddable":true,"href":"https:\/\/www.biblia.work\/sermones\/wp-json\/wp\/v2\/users\/1"}],"replies":[{"embeddable":true,"href":"https:\/\/www.biblia.work\/sermones\/wp-json\/wp\/v2\/comments?post=38298"}],"version-history":[{"count":0,"href":"https:\/\/www.biblia.work\/sermones\/wp-json\/wp\/v2\/posts\/38298\/revisions"}],"wp:attachment":[{"href":"https:\/\/www.biblia.work\/sermones\/wp-json\/wp\/v2\/media?parent=38298"}],"wp:term":[{"taxonomy":"category","embeddable":true,"href":"https:\/\/www.biblia.work\/sermones\/wp-json\/wp\/v2\/categories?post=38298"},{"taxonomy":"post_tag","embeddable":true,"href":"https:\/\/www.biblia.work\/sermones\/wp-json\/wp\/v2\/tags?post=38298"}],"curies":[{"name":"wp","href":"https:\/\/api.w.org\/{rel}","templated":true}]}}