{"id":38301,"date":"2016-06-21T17:41:50","date_gmt":"2016-06-21T22:41:50","guid":{"rendered":"http:\/\/www.biblia.work\/sermones\/benedicto-xvi-se-trasladara-al-vaticano-en-los-proximos-dias\/"},"modified":"2016-06-21T17:41:50","modified_gmt":"2016-06-21T22:41:50","slug":"benedicto-xvi-se-trasladara-al-vaticano-en-los-proximos-dias","status":"publish","type":"post","link":"https:\/\/www.biblia.work\/sermones\/benedicto-xvi-se-trasladara-al-vaticano-en-los-proximos-dias\/","title":{"rendered":"Benedicto XVI se trasladar\u00e1 al Vaticano en los pr\u00f3ximos d\u00edas"},"content":{"rendered":"<p align=\"justify\">\n<p align=\"justify\">\n<p style=\"text-align: justify;\">Benedicto XVI se trasladar\u00e1 al Vaticano en los pr\u00f3ximos d\u00edas, a finales de abril o comienzos de mayo<\/p>\n<p style=\"text-align: justify;\">El padre Lombardi afirm\u00f3 o que el Papa em\u00e9rito, Benedicto XVI; \u00a0que actualmente reside en Castel Gandolfo, se trasladar\u00e1 al Vaticano, en el Monasterio Mater Ecclesiae, entre finales de abril y principios de mayo.<\/p>\n","protected":false},"excerpt":{"rendered":"<p>Benedicto XVI se trasladar\u00e1 al Vaticano en los pr\u00f3ximos d\u00edas, a finales de abril o comienzos de mayo El padre Lombardi afirm\u00f3 o que el Papa em\u00e9rito, Benedicto XVI; \u00a0que actualmente reside en Castel Gandolfo, se trasladar\u00e1 al Vaticano, en el Monasterio Mater Ecclesiae, entre finales de abril y principios de mayo.<\/p>\n","protected":false},"author":1,"featured_media":0,"comment_status":"open","ping_status":"closed","sticky":false,"template":"","format":"standard","meta":{"footnotes":""},"categories":[1],"tags":[],"class_list":["post-38301","post","type-post","status-publish","format-standard","hentry","category-general"],"_links":{"self":[{"href":"https:\/\/www.biblia.work\/sermones\/wp-json\/wp\/v2\/posts\/38301","targetHints":{"allow":["GET"]}}],"collection":[{"href":"https:\/\/www.biblia.work\/sermones\/wp-json\/wp\/v2\/posts"}],"about":[{"href":"https:\/\/www.biblia.work\/sermones\/wp-json\/wp\/v2\/types\/post"}],"author":[{"embeddable":true,"href":"https:\/\/www.biblia.work\/sermones\/wp-json\/wp\/v2\/users\/1"}],"replies":[{"embeddable":true,"href":"https:\/\/www.biblia.work\/sermones\/wp-json\/wp\/v2\/comments?post=38301"}],"version-history":[{"count":0,"href":"https:\/\/www.biblia.work\/sermones\/wp-json\/wp\/v2\/posts\/38301\/revisions"}],"wp:attachment":[{"href":"https:\/\/www.biblia.work\/sermones\/wp-json\/wp\/v2\/media?parent=38301"}],"wp:term":[{"taxonomy":"category","embeddable":true,"href":"https:\/\/www.biblia.work\/sermones\/wp-json\/wp\/v2\/categories?post=38301"},{"taxonomy":"post_tag","embeddable":true,"href":"https:\/\/www.biblia.work\/sermones\/wp-json\/wp\/v2\/tags?post=38301"}],"curies":[{"name":"wp","href":"https:\/\/api.w.org\/{rel}","templated":true}]}}