{"id":38302,"date":"2016-06-21T17:41:54","date_gmt":"2016-06-21T22:41:54","guid":{"rendered":"http:\/\/www.biblia.work\/sermones\/monsenor-fisichella-presenta-dos-nuevos-eventos-del-ano-de-la-fe\/"},"modified":"2016-06-21T17:41:54","modified_gmt":"2016-06-21T22:41:54","slug":"monsenor-fisichella-presenta-dos-nuevos-eventos-del-ano-de-la-fe","status":"publish","type":"post","link":"https:\/\/www.biblia.work\/sermones\/monsenor-fisichella-presenta-dos-nuevos-eventos-del-ano-de-la-fe\/","title":{"rendered":"Monse\u00f1or Fisichella presenta dos nuevos eventos del A\u00f1o de la Fe"},"content":{"rendered":"<p align=\"justify\"><b>Monse\u00f1or Fisichella presenta dos nuevos eventos del A\u00f1o de la Fe<\/b><\/p>\n<p align=\"justify\">Esta ma\u00f1ana en la Oficina de Prensa de la Santa Sede ha tenido lugar la <b>presentaci\u00f3n de dos nuevos eventos del A\u00f1o de la Fe<\/b>: la <b>Jornada de los j\u00f3venes confirmados<\/b> o que se preparan a la Confirmaci\u00f3n (27-28 abril) y la <b>Jornada de las Cofrad\u00edas y de la Piedad Popular<\/b> (3-5 mayo). Han intervenido el obispo <b>Rino Fisichella<\/b>, Presidente del Pontificio Consejo para la Promoci\u00f3n de la Nueva Evangelizaci\u00f3n y Mons. <b>Graham Bell<\/b>, subsecretario del mismo dicasterio.<\/p>\n<p align=\"justify\">El obispo Fisichella ha explicado que el denominador com\u00fan de los acontecimientos que tendr\u00e1n lugar en Roma con el Santo Padre ser\u00e1 \u201cel de evidenciar la peregrinaci\u00f3n a la tumba de Pedro. Por eso el d\u00eda anterior se propondr\u00e1 a los participantes una procesi\u00f3n simb\u00f3lica desde el obelisco de la Plaza de San Pedro hasta la tumba del ap\u00f3stol donde se rezar\u00e1 el Credo. Durante el recorrido habr\u00e1 una breve catequesis para recordar el significado de los lugares en que nos encontramos y su valor hist\u00f3rico para la fe\u201d.<\/p>\n<p align=\"justify\">El primer evento tendr\u00e1 lugar los pr\u00f3ximos 27 y 28 de abril y estar\u00e1 dedicado a todos los que hayan recibido o que recibir\u00e1n durante el a\u00f1o, el sacramento de la Confirmaci\u00f3n. Ya se han inscrito m\u00e1s de 70.000 j\u00f3venes acompa\u00f1ados de sus catequistas y sacerdotes y esta presencia \u201cevidencia el entusiasmo con la que se han sumado a la iniciativa y la gran participaci\u00f3n que debemos esperar\u201d.<\/p>\n<p align=\"justify\">Por primera vez, el Papa Francisco conferir\u00e1 el sacramento de la Confirmaci\u00f3n a 44 j\u00f3venes de todo el mundo que representar\u00e1n simb\u00f3licamente a toda la Iglesia en los cinco continentes. \u201cSon j\u00f3venes &#8211; ha dicho el obispo- que muestran el rostro de la Iglesia presente all\u00ed donde las personas viven y sufren, para dar a todos la esperanza y la certeza del futuro. Pero no s\u00f3lo hay j\u00f3venes ya que \u201cno hay uniformidad sobre la edad en que recibir el sacramento y las edades oscilan entre los 11 y los 55 a\u00f1os\u201d.<\/p>\n<p align=\"justify\">El segundo acontecimiento importante, al que hasta a la fecha ya se han apuntado m\u00e1s de 50.000 personas, se celebrar\u00e1 del 3 al 5 de mayo y se dedicar\u00e1 a la piedad popular. Las cofrad\u00edas de los pa\u00edses donde la tradici\u00f3n es m\u00e1s fuerte, dar\u00e1n testimonio de las diferentes tradiciones locales como resultado de una religiosidad que se ha expresado a trav\u00e9s de los siglos con iniciativas y obras de arte que duran hasta nuestros d\u00edas. \u201cEl momento cumbre ser\u00e1 la Santa Misa celebrada por el Papa el domingo a las 10,00 en la Plaza de San Pedro\u201d.<\/p>\n<p align=\"justify\">\u201cSe vivir\u00e1 un momento de fe -ha concluido el prelado- que encuentra en la sencillez de las expresiones y de la piedad popular su matriz m\u00e1s arraigada en nuestra gente, que sin interrupci\u00f3n viven estos signos como recordatorio de la fe de las generaciones anteriores y como una tradici\u00f3n que se debe atestiguar con coraje y entusiasmo\u201d.<\/p>\n<p align=\"justify\">&nbsp;<\/p>\n<p align=\"right\">Ciudad del Vaticano, 24 abril 2013 (VIS).-<\/p>\n","protected":false},"excerpt":{"rendered":"<p>Monse\u00f1or Fisichella presenta dos nuevos eventos del A\u00f1o de la Fe Esta ma\u00f1ana en la Oficina de Prensa de la Santa Sede ha tenido lugar la presentaci\u00f3n de dos nuevos eventos del A\u00f1o de la Fe: la Jornada de los j\u00f3venes confirmados o que se preparan a la Confirmaci\u00f3n (27-28 abril) y la Jornada de &hellip; <a href=\"https:\/\/www.biblia.work\/sermones\/monsenor-fisichella-presenta-dos-nuevos-eventos-del-ano-de-la-fe\/\" class=\"more-link\">Continuar leyendo<span class=\"screen-reader-text\"> \u00abMonse\u00f1or Fisichella presenta dos nuevos eventos del A\u00f1o de la Fe\u00bb<\/span><\/a><\/p>\n","protected":false},"author":1,"featured_media":0,"comment_status":"open","ping_status":"closed","sticky":false,"template":"","format":"standard","meta":{"footnotes":""},"categories":[1],"tags":[],"class_list":["post-38302","post","type-post","status-publish","format-standard","hentry","category-general"],"_links":{"self":[{"href":"https:\/\/www.biblia.work\/sermones\/wp-json\/wp\/v2\/posts\/38302","targetHints":{"allow":["GET"]}}],"collection":[{"href":"https:\/\/www.biblia.work\/sermones\/wp-json\/wp\/v2\/posts"}],"about":[{"href":"https:\/\/www.biblia.work\/sermones\/wp-json\/wp\/v2\/types\/post"}],"author":[{"embeddable":true,"href":"https:\/\/www.biblia.work\/sermones\/wp-json\/wp\/v2\/users\/1"}],"replies":[{"embeddable":true,"href":"https:\/\/www.biblia.work\/sermones\/wp-json\/wp\/v2\/comments?post=38302"}],"version-history":[{"count":0,"href":"https:\/\/www.biblia.work\/sermones\/wp-json\/wp\/v2\/posts\/38302\/revisions"}],"wp:attachment":[{"href":"https:\/\/www.biblia.work\/sermones\/wp-json\/wp\/v2\/media?parent=38302"}],"wp:term":[{"taxonomy":"category","embeddable":true,"href":"https:\/\/www.biblia.work\/sermones\/wp-json\/wp\/v2\/categories?post=38302"},{"taxonomy":"post_tag","embeddable":true,"href":"https:\/\/www.biblia.work\/sermones\/wp-json\/wp\/v2\/tags?post=38302"}],"curies":[{"name":"wp","href":"https:\/\/api.w.org\/{rel}","templated":true}]}}