{"id":38303,"date":"2016-06-21T17:41:58","date_gmt":"2016-06-21T22:41:58","guid":{"rendered":"http:\/\/www.biblia.work\/sermones\/el-papa-confirmara-a-varias-personas-con-motivo-del-ano-de-la-fe\/"},"modified":"2016-06-21T17:41:58","modified_gmt":"2016-06-21T22:41:58","slug":"el-papa-confirmara-a-varias-personas-con-motivo-del-ano-de-la-fe","status":"publish","type":"post","link":"https:\/\/www.biblia.work\/sermones\/el-papa-confirmara-a-varias-personas-con-motivo-del-ano-de-la-fe\/","title":{"rendered":"El Papa confirmar\u00e1 a varias personas con motivo del A\u00f1o de la Fe"},"content":{"rendered":"<p align=\"justify\"><b>El Papa confirmar\u00e1 a varias personas con motivo del A\u00f1o de la Fe<\/b><\/p>\n<p align=\"justify\">El pr\u00f3ximo domingo, 28 de abril, a las 10 de la ma\u00f1ana, el Santo Padre celebrar\u00e1 la Misa en la Plaza de San Pedro con motivo de la peregrinaci\u00f3n a Roma durante el A\u00f1o de la Fe de personas de todo el mundo que recibir\u00e1n o han recibido el sacramento de la Confirmaci\u00f3n. El Papa confirmar\u00e1 a algunos peregrinos y peregrinas.<\/p>\n<p align=\"justify\">Ciudad del Vaticano, 22 abril 2013 (VIS).-<\/p>\n","protected":false},"excerpt":{"rendered":"<p>El Papa confirmar\u00e1 a varias personas con motivo del A\u00f1o de la Fe El pr\u00f3ximo domingo, 28 de abril, a las 10 de la ma\u00f1ana, el Santo Padre celebrar\u00e1 la Misa en la Plaza de San Pedro con motivo de la peregrinaci\u00f3n a Roma durante el A\u00f1o de la Fe de personas de todo el &hellip; <a href=\"https:\/\/www.biblia.work\/sermones\/el-papa-confirmara-a-varias-personas-con-motivo-del-ano-de-la-fe\/\" class=\"more-link\">Continuar leyendo<span class=\"screen-reader-text\"> \u00abEl Papa confirmar\u00e1 a varias personas con motivo del A\u00f1o de la Fe\u00bb<\/span><\/a><\/p>\n","protected":false},"author":1,"featured_media":0,"comment_status":"open","ping_status":"closed","sticky":false,"template":"","format":"standard","meta":{"footnotes":""},"categories":[1],"tags":[],"class_list":["post-38303","post","type-post","status-publish","format-standard","hentry","category-general"],"_links":{"self":[{"href":"https:\/\/www.biblia.work\/sermones\/wp-json\/wp\/v2\/posts\/38303","targetHints":{"allow":["GET"]}}],"collection":[{"href":"https:\/\/www.biblia.work\/sermones\/wp-json\/wp\/v2\/posts"}],"about":[{"href":"https:\/\/www.biblia.work\/sermones\/wp-json\/wp\/v2\/types\/post"}],"author":[{"embeddable":true,"href":"https:\/\/www.biblia.work\/sermones\/wp-json\/wp\/v2\/users\/1"}],"replies":[{"embeddable":true,"href":"https:\/\/www.biblia.work\/sermones\/wp-json\/wp\/v2\/comments?post=38303"}],"version-history":[{"count":0,"href":"https:\/\/www.biblia.work\/sermones\/wp-json\/wp\/v2\/posts\/38303\/revisions"}],"wp:attachment":[{"href":"https:\/\/www.biblia.work\/sermones\/wp-json\/wp\/v2\/media?parent=38303"}],"wp:term":[{"taxonomy":"category","embeddable":true,"href":"https:\/\/www.biblia.work\/sermones\/wp-json\/wp\/v2\/categories?post=38303"},{"taxonomy":"post_tag","embeddable":true,"href":"https:\/\/www.biblia.work\/sermones\/wp-json\/wp\/v2\/tags?post=38303"}],"curies":[{"name":"wp","href":"https:\/\/api.w.org\/{rel}","templated":true}]}}